{"id":1244,"date":"2020-08-03T15:37:25","date_gmt":"2020-08-03T18:37:25","guid":{"rendered":"https:\/\/www.pluscargo.com.br\/?p=1244"},"modified":"2020-08-03T15:37:25","modified_gmt":"2020-08-03T18:37:25","slug":"checklist-exportacao","status":"publish","type":"post","link":"https:\/\/pluscargo.com.br\/en\/checklist-exportacao\/","title":{"rendered":"Checklist exporta\u00e7\u00e3o: saiba tudo sobre o processo e documentos que \u00e9 preciso ter em m\u00e3os"},"content":{"rendered":"<p dir=\"ltr\"><span class=\"il\">Exportar<\/span> produtos \u00e9 um bom neg\u00f3cio. Afinal, aumenta a competitividade da empresa tanto no Brasil quanto no exterior.<\/p>\n<p dir=\"ltr\">Por\u00e9m, para ingressar na comercializa\u00e7\u00e3o no exterior, faz-se necess\u00e1rio realizar estudo de mercado e, principalmente, conhecer os seus concorrentes para tomada de decis\u00e3o da viabilidade de neg\u00f3cio. Com esta de decis\u00e3o, \u00e9 imprescind\u00edvel ter cuidados na hora da <span class=\"il\">exporta\u00e7\u00e3o<\/span> e ficar atento aos procedimentos b\u00e1sicos e documentos necess\u00e1rios para evitar dor de cabe\u00e7a.<\/p>\n<p dir=\"ltr\">Qualquer problema pode colocar entraves e ampliar o tempo de todo o processo.<\/p>\n<p dir=\"ltr\">\u201cN\u00e3o pode haver erros. Qualquer pequeno problema pode gerar mal estar com o cliente e comprometer a rela\u00e7\u00e3o comercial, inclusive com a possibilidade de gerar multas, por exemplo\u201d, explica Viviane Campos, manager de <span class=\"il\">exporta\u00e7\u00e3o<\/span> mar\u00edtima da Pluscargo.<\/p>\n<p dir=\"ltr\">Abaixo, confira as principais etapas do processo, os documentos necess\u00e1rios e os meios de evitar problemas na hora da <span class=\"il\">exporta\u00e7\u00e3o<\/span>:<\/p>\n<h2 dir=\"ltr\">Planejamento e regulariza\u00e7\u00e3o<\/h2>\n<p dir=\"ltr\">Antes de tudo, planeje-se. A atividade exportadora deve fazer parte da estrat\u00e9gia interna da empresa e estudos profundos devem ser realizados.<\/p>\n<p dir=\"ltr\">Al\u00e9m disso, todos os produtos devem estar adaptados para o mercado que est\u00e3o sendo destinados. Algo que funciona no Brasil pode n\u00e3o funcionar em outros pa\u00edses, precisando de altera\u00e7\u00f5es.<\/p>\n<p dir=\"ltr\">\u201c\u00c9 preciso fazer um estudo profundo do mercado para o qual voc\u00ea quer <span class=\"il\">exportar<\/span>. N\u00e3o d\u00e1 para fazer isso sem alguma base\u201d, diz Viviane. \u201c\u00c9 preciso se preparar para internacionaliza\u00e7\u00e3o\u201d.<\/p>\n<p dir=\"ltr\">Tamb\u00e9m \u00e9 importante que a empresa esteja regularizada na Receita Federal (RADAR) para usar o Siscomex, sistema que une atividades de registro e controle de opera\u00e7\u00f5es por meio de fluxo \u00fanico e computadorizado.<\/p>\n<p dir=\"ltr\">\u00c9 uma ferramenta b\u00e1sica, oferecida pela Receita, que ir\u00e1 guiar parte dos processos gerais.<\/p>\n<h2 dir=\"ltr\">In\u00edcio da <span class=\"il\">exporta\u00e7\u00e3o<\/span><\/h2>\n<p dir=\"ltr\">Com a empresa preparada, come\u00e7a a busca Por todos os documentos e regulamenta\u00e7\u00f5es necess\u00e1rios.<\/p>\n<p dir=\"ltr\">As exig\u00eancias s\u00e3o vari\u00e1veis para o que est\u00e1 sendo transportado &#8212; alguns, por exemplo, exigem certificados fitossanit\u00e1rio ou de fumiga\u00e7\u00e3o (caso o produto seja em madeira), entre outros certificados.<\/p>\n<p dir=\"ltr\">No entanto, alguns documentos s\u00e3o exigidos em maior escala no Pa\u00eds: proforma invoice, fatura comercial, packing list, conhecimento de embarque, certificado de origem, DU-E, nota fiscal e contrato de c\u00e2mbio &#8211; al\u00e9m, claro, do j\u00e1 citado registro na Receita Federal.<\/p>\n<p dir=\"ltr\">O proforma invoice inicia o tr\u00e2mite da <span class=\"il\">exporta\u00e7\u00e3o<\/span>. \u00c9 o documento comercial preliminar de venda, antes do envio das mercadorias, e cont\u00e9m informa\u00e7\u00f5es como pre\u00e7o unit\u00e1rio; forma de pagamento; valor total; nomes de importador e <span class=\"il\">exportador<\/span>, incluindo CNPJ; peso bruto e l\u00edquido das mercadorias, data e local de entrega; local de embarque e desembarque; dentre outras coisas. \u00c9 um or\u00e7amento antes do faturamento propriamente dito de toda mercadoria.<\/p>\n<h2 dir=\"ltr\">Embarque do produto<\/h2>\n<p dir=\"ltr\">Depois, o <span class=\"il\">exportador<\/span> precisar\u00e1 se preocupar com os documentos internacionais. S\u00e3o eles que permitir\u00e3o o tr\u00e2nsito do produto sem problemas, podendo passar por diferentes locais de maneira legal.<\/p>\n<p dir=\"ltr\">Primeiramente, o <span class=\"il\">exportador<\/span> pode emitir a fatura comercial. Um documento contratual que demonstra a opera\u00e7\u00e3o de compra e venda entre o <span class=\"il\">exportador<\/span> e o seu importador.<\/p>\n<p dir=\"ltr\">Nela, deve conter as informa\u00e7\u00f5es, inicialmente declaradas na proforma invoice, juntamente com aquelas que confirmam a realiza\u00e7\u00e3o da <span class=\"il\">exporta\u00e7\u00e3o<\/span>, como frete, termos e condi\u00e7\u00f5es de venda, etc. A alf\u00e2ndega, com esse documento, ir\u00e1 saber das obriga\u00e7\u00f5es fiscais e legais entre o <span class=\"il\">exportador<\/span> e o importador.<\/p>\n<p dir=\"ltr\">Depois disso, chega a hora de fazer a packing list, ou romaneio de carga. \u00c9 um documento de embarque que detalha as mercadorias e todos seus componentes. Com isso, fica mais f\u00e1cil realizar a identifica\u00e7\u00e3o de qualquer produto no lote, assim como realizar a confer\u00eancia por parte da fiscaliza\u00e7\u00e3o.<\/p>\n<p dir=\"ltr\">\u00c9 preciso detalhar quantidade total de volumes; identifica\u00e7\u00e3o por ordem num\u00e9rica; esp\u00e9cie de embalagens, contendo peso l\u00edquido, peso bruto, dimens\u00f5es unit\u00e1rias e o volume total da carga.<\/p>\n<p dir=\"ltr\">Por fim, atente-se ao certificado de origem, geralmente emitido em embarques para pa\u00edses com acordos comerciais com o Brasil. \u00c9 um documento emitido pelo <span class=\"il\">exportador<\/span> para que o importador comprove a origem da mercadoria. Al\u00e9m disso, pode trazer habilita\u00e7\u00e3o \u00e0 isen\u00e7\u00e3o ou redu\u00e7\u00e3o do imposto de importa\u00e7\u00e3o, por conta de disposi\u00e7\u00f5es previstas em acordos comerciais.<\/p>\n<h2 dir=\"ltr\">Terras brasileiras<\/h2>\n<p dir=\"ltr\">Tamb\u00e9m \u00e9 preciso emitir documentos internos, para uso no Brasil. Servem para embarque, cobran\u00e7a e registro junto aos \u00f3rg\u00e3os do com\u00e9rcio exterior brasileiro.<\/p>\n<p dir=\"ltr\">Ap\u00f3s o registro junto a Receita Federal e deferimento do RADAR, sua empresa estar\u00e1 apta a <span class=\"il\">exportar<\/span> e registrar os seus representantes legais para realizar o tr\u00e2mite de desembara\u00e7o aduaneiro.<\/p>\n<p dir=\"ltr\">Para in\u00edcio do procedimento do registro dos documentos eletr\u00f4nicos no Siscomex, \u00e9 preciso ter a nota fiscal. Ela deve acompanhar a mercadoria\u00a0 no tr\u00e2nsito interno, desde a sa\u00edda do estabelecimento at\u00e9 a efetiva libera\u00e7\u00e3o junto \u00e0 Receita Federal.<\/p>\n<p dir=\"ltr\">O registro de <span class=\"il\">exporta\u00e7\u00e3o<\/span>, que era um documento eletr\u00f4nico emitido no Siscomex, foi substitu\u00eddo em 2017 pela DU-E (Declara\u00e7\u00e3o \u00danica de <span class=\"il\">Exporta\u00e7\u00e3o<\/span>). Ela tem a finalidade de registrar a opera\u00e7\u00e3o para fins de controle governamental na \u00e1rea comercial, fiscal, cambial e aduaneira.<\/p>\n<p dir=\"ltr\">J\u00e1 o comprovante de <span class=\"il\">exporta\u00e7\u00e3o<\/span>, que era o registo oficial de que uma mercadoria teve seu embarque liberado e conclu\u00eddo, com a implementa\u00e7\u00e3o da DU-E , n\u00e3o se faz mais necess\u00e1rio. Afinal, todas as informa\u00e7\u00f5es do processo constar\u00e3o no hist\u00f3rico da pr\u00f3pria DU-E.<\/p>\n<p dir=\"ltr\">Por fim, \u00e9 preciso do contrato de c\u00e2mbio. \u00c9 um documento para coleta de informa\u00e7\u00f5es, emitido pelo banco negociador de c\u00e2mbio. Ele formaliza a troca de divisa estrangeira por moeda nacional.<\/p>\n<h2 dir=\"ltr\"><strong>Cuidados finais<\/strong><\/h2>\n<p dir=\"ltr\">Para que todos os documentos estejam em ordem, e para evitar contratempos, Viviane Campos ressalta atitudes a serem tomadas durante todo o processo de <span class=\"il\">exporta\u00e7\u00e3o<\/span>.<\/p>\n<p dir=\"ltr\">\u201cAntes de tudo, analise o mercado, o seu produto, forma\u00e7\u00e3o do pre\u00e7o e entenda o impacto no seu neg\u00f3cio. Todos os envolvidos no processo precisam das respectivas habilidades t\u00e9cnicas de conhecimento em sua \u00e1rea de atua\u00e7\u00e3o que contribuir\u00e3o para o sucesso da venda do produto\u201d, afirma Viviane Campos, da Pluscargo.<\/p>\n<p dir=\"ltr\">\u201cPor fim, \u00e9 sempre importante a empresa cercar-se de especialistas em <span class=\"il\">exporta\u00e7\u00e3o<\/span> com expertise em seu segmento para n\u00e3o haver falhas.\u201d<\/p>\n<div class=\"yj6qo ajU\">\n<div id=\":479p\" class=\"ajR\" tabindex=\"0\" role=\"button\" aria-label=\"Hide expanded content\" aria-expanded=\"true\" data-tooltip=\"Hide expanded content\"><img decoding=\"async\" class=\"ajT\" src=\"https:\/\/ssl.gstatic.com\/ui\/v1\/icons\/mail\/images\/cleardot.gif\" \/><\/div>\n<\/div>\n","protected":false},"excerpt":{"rendered":"<p>Exportar produtos \u00e9 um bom neg\u00f3cio. Afinal, aumenta a competitividade da empresa tanto no Brasil quanto no exterior. Por\u00e9m, para ingressar na comercializa\u00e7\u00e3o no exterior, faz-se necess\u00e1rio realizar estudo de mercado e, principalmente, conhecer os seus concorrentes para tomada de decis\u00e3o da viabilidade de neg\u00f3cio. Com esta de decis\u00e3o, \u00e9 imprescind\u00edvel ter cuidados na hora [&hellip;]<\/p>\n","protected":false},"author":1,"featured_media":1245,"comment_status":"open","ping_status":"open","sticky":false,"template":"","format":"standard","meta":{"_acf_changed":false,"footnotes":""},"categories":[9],"tags":[134,19,8,133,27,57],"class_list":["post-1244","post","type-post","status-publish","format-standard","has-post-thumbnail","hentry","category-novidades","tag-carga","tag-exportacao","tag-logistica-internacional","tag-packing-list","tag-pluscargo-brasil","tag-siscomex"],"acf":[],"yoast_head":"<!-- This site is optimized with the Yoast SEO plugin v27.5 - https:\/\/yoast.com\/product\/yoast-seo-wordpress\/ -->\n<title>Checklist exporta\u00e7\u00e3o: saiba tudo sobre o processo e documentos que \u00e9 preciso ter em m\u00e3os - Pluscargo<\/title>\n<meta name=\"description\" content=\"Exportar produtos \u00e9 um bom neg\u00f3cio. Descubra qual \u00e9 maneira correta de planejar e preparar cargas para exportar com o checklist de exporta\u00e7\u00e3o da Pluscargo.\" \/>\n<meta name=\"robots\" content=\"index, follow, max-snippet:-1, max-image-preview:large, max-video-preview:-1\" \/>\n<link rel=\"canonical\" href=\"https:\/\/pluscargo.com.br\/en\/checklist-exportacao\/\" \/>\n<meta property=\"og:locale\" content=\"en_US\" \/>\n<meta property=\"og:type\" content=\"article\" \/>\n<meta property=\"og:title\" content=\"Checklist exporta\u00e7\u00e3o: saiba tudo sobre o processo e documentos que \u00e9 preciso ter em m\u00e3os - Pluscargo\" \/>\n<meta property=\"og:description\" content=\"Exportar produtos \u00e9 um bom neg\u00f3cio. Descubra qual \u00e9 maneira correta de planejar e preparar cargas para exportar com o checklist de exporta\u00e7\u00e3o da Pluscargo.\" \/>\n<meta property=\"og:url\" content=\"https:\/\/pluscargo.com.br\/en\/checklist-exportacao\/\" \/>\n<meta property=\"og:site_name\" content=\"Pluscargo\" \/>\n<meta property=\"article:publisher\" content=\"https:\/\/www.facebook.com\/pluscargobrasil\/\" \/>\n<meta property=\"article:published_time\" content=\"2020-08-03T18:37:25+00:00\" \/>\n<meta property=\"og:image\" content=\"https:\/\/pluscargo.com.br\/wp-content\/uploads\/2019\/07\/Depositphotos_235038964_l-2015-1024x682.jpg\" \/>\n\t<meta property=\"og:image:width\" content=\"1024\" \/>\n\t<meta property=\"og:image:height\" content=\"682\" \/>\n\t<meta property=\"og:image:type\" content=\"image\/jpeg\" \/>\n<meta name=\"author\" content=\"ishii\" \/>\n<meta name=\"twitter:card\" content=\"summary_large_image\" \/>\n<meta name=\"twitter:label1\" content=\"Written by\" \/>\n\t<meta name=\"twitter:data1\" content=\"ishii\" \/>\n\t<meta name=\"twitter:label2\" content=\"Est. reading time\" \/>\n\t<meta name=\"twitter:data2\" content=\"5 minutes\" \/>\n<script type=\"application\/ld+json\" class=\"yoast-schema-graph\">{\"@context\":\"https:\\\/\\\/schema.org\",\"@graph\":[{\"@type\":\"Article\",\"@id\":\"https:\\\/\\\/pluscargo.com.br\\\/checklist-exportacao\\\/#article\",\"isPartOf\":{\"@id\":\"https:\\\/\\\/pluscargo.com.br\\\/checklist-exportacao\\\/\"},\"author\":{\"name\":\"ishii\",\"@id\":\"https:\\\/\\\/pluscargo.com.br\\\/#\\\/schema\\\/person\\\/b3584103dcf1276e926a66c4d70e477c\"},\"headline\":\"Checklist exporta\u00e7\u00e3o: saiba tudo sobre o processo e documentos que \u00e9 preciso ter em m\u00e3os\",\"datePublished\":\"2020-08-03T18:37:25+00:00\",\"mainEntityOfPage\":{\"@id\":\"https:\\\/\\\/pluscargo.com.br\\\/checklist-exportacao\\\/\"},\"wordCount\":1079,\"commentCount\":0,\"publisher\":{\"@id\":\"https:\\\/\\\/pluscargo.com.br\\\/#organization\"},\"image\":{\"@id\":\"https:\\\/\\\/pluscargo.com.br\\\/checklist-exportacao\\\/#primaryimage\"},\"thumbnailUrl\":\"https:\\\/\\\/pluscargo.com.br\\\/wp-content\\\/uploads\\\/2019\\\/07\\\/Depositphotos_235038964_l-2015.jpg\",\"keywords\":[\"carga\",\"exporta\u00e7\u00e3o\",\"log\u00edstica internacional\",\"packing list\",\"Pluscargo Brasil\",\"Siscomex\"],\"articleSection\":[\"News\"],\"inLanguage\":\"en-US\"},{\"@type\":\"WebPage\",\"@id\":\"https:\\\/\\\/pluscargo.com.br\\\/en\\\/checklist-exportacao\\\/\",\"url\":\"https:\\\/\\\/pluscargo.com.br\\\/en\\\/checklist-exportacao\\\/\",\"name\":\"Checklist exporta\u00e7\u00e3o: saiba tudo sobre o processo e documentos que \u00e9 preciso ter em m\u00e3os - Pluscargo\",\"isPartOf\":{\"@id\":\"https:\\\/\\\/pluscargo.com.br\\\/en\\\/#website\"},\"primaryImageOfPage\":{\"@id\":\"https:\\\/\\\/pluscargo.com.br\\\/en\\\/checklist-exportacao\\\/#primaryimage\"},\"image\":{\"@id\":\"https:\\\/\\\/pluscargo.com.br\\\/checklist-exportacao\\\/#primaryimage\"},\"thumbnailUrl\":\"https:\\\/\\\/pluscargo.com.br\\\/wp-content\\\/uploads\\\/2019\\\/07\\\/Depositphotos_235038964_l-2015.jpg\",\"datePublished\":\"2020-08-03T18:37:25+00:00\",\"description\":\"Exportar produtos \u00e9 um bom neg\u00f3cio. Descubra qual \u00e9 maneira correta de planejar e preparar cargas para exportar com o checklist de exporta\u00e7\u00e3o da Pluscargo.\",\"inLanguage\":\"en-US\",\"potentialAction\":[{\"@type\":\"ReadAction\",\"target\":[[\"https:\\\/\\\/pluscargo.com.br\\\/en\\\/checklist-exportacao\\\/\"]]}]},{\"@type\":\"ImageObject\",\"inLanguage\":\"en-US\",\"@id\":\"https:\\\/\\\/pluscargo.com.br\\\/en\\\/checklist-exportacao\\\/#primaryimage\",\"url\":\"https:\\\/\\\/pluscargo.com.br\\\/wp-content\\\/uploads\\\/2019\\\/07\\\/Depositphotos_235038964_l-2015.jpg\",\"contentUrl\":\"https:\\\/\\\/pluscargo.com.br\\\/wp-content\\\/uploads\\\/2019\\\/07\\\/Depositphotos_235038964_l-2015.jpg\",\"width\":2000,\"height\":1333},{\"@type\":\"WebSite\",\"@id\":\"https:\\\/\\\/pluscargo.com.br\\\/en\\\/#website\",\"url\":\"https:\\\/\\\/pluscargo.com.br\\\/en\\\/\",\"name\":\"Pluscargo\",\"description\":\"A Pluscargo \u00e9 uma empresa do Grupo RAS, o maior ecossistema log\u00edstico da Am\u00e9rica Latina\",\"publisher\":{\"@id\":\"https:\\\/\\\/pluscargo.com.br\\\/en\\\/#organization\"},\"potentialAction\":[{\"@type\":\"SearchAction\",\"target\":{\"@type\":\"EntryPoint\",\"urlTemplate\":\"https:\\\/\\\/pluscargo.com.br\\\/en\\\/?s={search_term_string}\"},\"query-input\":{\"@type\":\"PropertyValueSpecification\",\"valueRequired\":true,\"valueName\":\"search_term_string\"}}],\"inLanguage\":\"en-US\"},{\"@type\":\"Organization\",\"@id\":\"https:\\\/\\\/pluscargo.com.br\\\/en\\\/#organization\",\"name\":\"Pluscargo Brasil\",\"url\":\"https:\\\/\\\/pluscargo.com.br\\\/en\\\/\",\"logo\":{\"@type\":\"ImageObject\",\"inLanguage\":\"en-US\",\"@id\":\"https:\\\/\\\/pluscargo.com.br\\\/en\\\/#\\\/schema\\\/logo\\\/image\\\/\",\"url\":\"https:\\\/\\\/pluscargo.com.br\\\/wp-content\\\/uploads\\\/2019\\\/02\\\/Pluscargo_Logo.png\",\"contentUrl\":\"https:\\\/\\\/pluscargo.com.br\\\/wp-content\\\/uploads\\\/2019\\\/02\\\/Pluscargo_Logo.png\",\"width\":3063,\"height\":518,\"caption\":\"Pluscargo Brasil\"},\"image\":{\"@id\":\"https:\\\/\\\/pluscargo.com.br\\\/en\\\/#\\\/schema\\\/logo\\\/image\\\/\"},\"sameAs\":[\"https:\\\/\\\/www.facebook.com\\\/pluscargobrasil\\\/\",\"https:\\\/\\\/www.instagram.com\\\/pluscargo\\\/\",\"https:\\\/\\\/www.linkedin.com\\\/company\\\/pluscargo-do-brasil-ltda\"]},{\"@type\":\"Person\",\"@id\":\"https:\\\/\\\/pluscargo.com.br\\\/#\\\/schema\\\/person\\\/b3584103dcf1276e926a66c4d70e477c\",\"name\":\"ishii\",\"image\":{\"@type\":\"ImageObject\",\"inLanguage\":\"en-US\",\"@id\":\"https:\\\/\\\/secure.gravatar.com\\\/avatar\\\/bec959663c8c91aca0fc2d5166b649a088c5bdbee9cceb1f835c1f31cd1bf0b1?s=96&d=mm&r=g\",\"url\":\"https:\\\/\\\/secure.gravatar.com\\\/avatar\\\/bec959663c8c91aca0fc2d5166b649a088c5bdbee9cceb1f835c1f31cd1bf0b1?s=96&d=mm&r=g\",\"contentUrl\":\"https:\\\/\\\/secure.gravatar.com\\\/avatar\\\/bec959663c8c91aca0fc2d5166b649a088c5bdbee9cceb1f835c1f31cd1bf0b1?s=96&d=mm&r=g\",\"caption\":\"ishii\"},\"url\":\"https:\\\/\\\/pluscargo.com.br\\\/en\\\/author\\\/ishii\\\/\"}]}<\/script>\n<!-- \/ Yoast SEO plugin. -->","yoast_head_json":{"title":"Checklist exporta\u00e7\u00e3o: saiba tudo sobre o processo e documentos que \u00e9 preciso ter em m\u00e3os - Pluscargo","description":"Exportar produtos \u00e9 um bom neg\u00f3cio. Descubra qual \u00e9 maneira correta de planejar e preparar cargas para exportar com o checklist de exporta\u00e7\u00e3o da Pluscargo.","robots":{"index":"index","follow":"follow","max-snippet":"max-snippet:-1","max-image-preview":"max-image-preview:large","max-video-preview":"max-video-preview:-1"},"canonical":"https:\/\/pluscargo.com.br\/en\/checklist-exportacao\/","og_locale":"en_US","og_type":"article","og_title":"Checklist exporta\u00e7\u00e3o: saiba tudo sobre o processo e documentos que \u00e9 preciso ter em m\u00e3os - Pluscargo","og_description":"Exportar produtos \u00e9 um bom neg\u00f3cio. Descubra qual \u00e9 maneira correta de planejar e preparar cargas para exportar com o checklist de exporta\u00e7\u00e3o da Pluscargo.","og_url":"https:\/\/pluscargo.com.br\/en\/checklist-exportacao\/","og_site_name":"Pluscargo","article_publisher":"https:\/\/www.facebook.com\/pluscargobrasil\/","article_published_time":"2020-08-03T18:37:25+00:00","og_image":[{"width":1024,"height":682,"url":"https:\/\/pluscargo.com.br\/wp-content\/uploads\/2019\/07\/Depositphotos_235038964_l-2015-1024x682.jpg","type":"image\/jpeg"}],"author":"ishii","twitter_card":"summary_large_image","twitter_misc":{"Written by":"ishii","Est. reading time":"5 minutes"},"schema":{"@context":"https:\/\/schema.org","@graph":[{"@type":"Article","@id":"https:\/\/pluscargo.com.br\/checklist-exportacao\/#article","isPartOf":{"@id":"https:\/\/pluscargo.com.br\/checklist-exportacao\/"},"author":{"name":"ishii","@id":"https:\/\/pluscargo.com.br\/#\/schema\/person\/b3584103dcf1276e926a66c4d70e477c"},"headline":"Checklist exporta\u00e7\u00e3o: saiba tudo sobre o processo e documentos que \u00e9 preciso ter em m\u00e3os","datePublished":"2020-08-03T18:37:25+00:00","mainEntityOfPage":{"@id":"https:\/\/pluscargo.com.br\/checklist-exportacao\/"},"wordCount":1079,"commentCount":0,"publisher":{"@id":"https:\/\/pluscargo.com.br\/#organization"},"image":{"@id":"https:\/\/pluscargo.com.br\/checklist-exportacao\/#primaryimage"},"thumbnailUrl":"https:\/\/pluscargo.com.br\/wp-content\/uploads\/2019\/07\/Depositphotos_235038964_l-2015.jpg","keywords":["carga","exporta\u00e7\u00e3o","log\u00edstica internacional","packing list","Pluscargo Brasil","Siscomex"],"articleSection":["News"],"inLanguage":"en-US"},{"@type":"WebPage","@id":"https:\/\/pluscargo.com.br\/en\/checklist-exportacao\/","url":"https:\/\/pluscargo.com.br\/en\/checklist-exportacao\/","name":"Checklist exporta\u00e7\u00e3o: saiba tudo sobre o processo e documentos que \u00e9 preciso ter em m\u00e3os - Pluscargo","isPartOf":{"@id":"https:\/\/pluscargo.com.br\/en\/#website"},"primaryImageOfPage":{"@id":"https:\/\/pluscargo.com.br\/en\/checklist-exportacao\/#primaryimage"},"image":{"@id":"https:\/\/pluscargo.com.br\/checklist-exportacao\/#primaryimage"},"thumbnailUrl":"https:\/\/pluscargo.com.br\/wp-content\/uploads\/2019\/07\/Depositphotos_235038964_l-2015.jpg","datePublished":"2020-08-03T18:37:25+00:00","description":"Exportar produtos \u00e9 um bom neg\u00f3cio. Descubra qual \u00e9 maneira correta de planejar e preparar cargas para exportar com o checklist de exporta\u00e7\u00e3o da Pluscargo.","inLanguage":"en-US","potentialAction":[{"@type":"ReadAction","target":[["https:\/\/pluscargo.com.br\/en\/checklist-exportacao\/"]]}]},{"@type":"ImageObject","inLanguage":"en-US","@id":"https:\/\/pluscargo.com.br\/en\/checklist-exportacao\/#primaryimage","url":"https:\/\/pluscargo.com.br\/wp-content\/uploads\/2019\/07\/Depositphotos_235038964_l-2015.jpg","contentUrl":"https:\/\/pluscargo.com.br\/wp-content\/uploads\/2019\/07\/Depositphotos_235038964_l-2015.jpg","width":2000,"height":1333},{"@type":"WebSite","@id":"https:\/\/pluscargo.com.br\/en\/#website","url":"https:\/\/pluscargo.com.br\/en\/","name":"Pluscargo","description":"A Pluscargo \u00e9 uma empresa do Grupo RAS, o maior ecossistema log\u00edstico da Am\u00e9rica Latina","publisher":{"@id":"https:\/\/pluscargo.com.br\/en\/#organization"},"potentialAction":[{"@type":"SearchAction","target":{"@type":"EntryPoint","urlTemplate":"https:\/\/pluscargo.com.br\/en\/?s={search_term_string}"},"query-input":{"@type":"PropertyValueSpecification","valueRequired":true,"valueName":"search_term_string"}}],"inLanguage":"en-US"},{"@type":"Organization","@id":"https:\/\/pluscargo.com.br\/en\/#organization","name":"Pluscargo Brasil","url":"https:\/\/pluscargo.com.br\/en\/","logo":{"@type":"ImageObject","inLanguage":"en-US","@id":"https:\/\/pluscargo.com.br\/en\/#\/schema\/logo\/image\/","url":"https:\/\/pluscargo.com.br\/wp-content\/uploads\/2019\/02\/Pluscargo_Logo.png","contentUrl":"https:\/\/pluscargo.com.br\/wp-content\/uploads\/2019\/02\/Pluscargo_Logo.png","width":3063,"height":518,"caption":"Pluscargo Brasil"},"image":{"@id":"https:\/\/pluscargo.com.br\/en\/#\/schema\/logo\/image\/"},"sameAs":["https:\/\/www.facebook.com\/pluscargobrasil\/","https:\/\/www.instagram.com\/pluscargo\/","https:\/\/www.linkedin.com\/company\/pluscargo-do-brasil-ltda"]},{"@type":"Person","@id":"https:\/\/pluscargo.com.br\/#\/schema\/person\/b3584103dcf1276e926a66c4d70e477c","name":"ishii","image":{"@type":"ImageObject","inLanguage":"en-US","@id":"https:\/\/secure.gravatar.com\/avatar\/bec959663c8c91aca0fc2d5166b649a088c5bdbee9cceb1f835c1f31cd1bf0b1?s=96&d=mm&r=g","url":"https:\/\/secure.gravatar.com\/avatar\/bec959663c8c91aca0fc2d5166b649a088c5bdbee9cceb1f835c1f31cd1bf0b1?s=96&d=mm&r=g","contentUrl":"https:\/\/secure.gravatar.com\/avatar\/bec959663c8c91aca0fc2d5166b649a088c5bdbee9cceb1f835c1f31cd1bf0b1?s=96&d=mm&r=g","caption":"ishii"},"url":"https:\/\/pluscargo.com.br\/en\/author\/ishii\/"}]}},"_links":{"self":[{"href":"https:\/\/pluscargo.com.br\/en\/wp-json\/wp\/v2\/posts\/1244","targetHints":{"allow":["GET"]}}],"collection":[{"href":"https:\/\/pluscargo.com.br\/en\/wp-json\/wp\/v2\/posts"}],"about":[{"href":"https:\/\/pluscargo.com.br\/en\/wp-json\/wp\/v2\/types\/post"}],"author":[{"embeddable":true,"href":"https:\/\/pluscargo.com.br\/en\/wp-json\/wp\/v2\/users\/1"}],"replies":[{"embeddable":true,"href":"https:\/\/pluscargo.com.br\/en\/wp-json\/wp\/v2\/comments?post=1244"}],"version-history":[{"count":0,"href":"https:\/\/pluscargo.com.br\/en\/wp-json\/wp\/v2\/posts\/1244\/revisions"}],"wp:featuredmedia":[{"embeddable":true,"href":"https:\/\/pluscargo.com.br\/en\/wp-json\/wp\/v2\/media\/1245"}],"wp:attachment":[{"href":"https:\/\/pluscargo.com.br\/en\/wp-json\/wp\/v2\/media?parent=1244"}],"wp:term":[{"taxonomy":"category","embeddable":true,"href":"https:\/\/pluscargo.com.br\/en\/wp-json\/wp\/v2\/categories?post=1244"},{"taxonomy":"post_tag","embeddable":true,"href":"https:\/\/pluscargo.com.br\/en\/wp-json\/wp\/v2\/tags?post=1244"}],"curies":[{"name":"wp","href":"https:\/\/api.w.org\/{rel}","templated":true}]}}