{"id":1431,"date":"2019-10-04T16:50:55","date_gmt":"2019-10-04T16:50:55","guid":{"rendered":"https:\/\/www.pluscargo.com.br\/?p=1431"},"modified":"2019-10-04T16:50:55","modified_gmt":"2019-10-04T16:50:55","slug":"novo-processo-seletivo-na-pluscargo","status":"publish","type":"post","link":"https:\/\/pluscargo.com.br\/en\/novo-processo-seletivo-na-pluscargo\/","title":{"rendered":"Novo processo seletivo na Pluscargo"},"content":{"rendered":"<p>A Pluscargo Brasil est\u00e1 mudando sua forma de fazer sele\u00e7\u00e3o de candidatos para novas vagas abertas.<\/p>\n<p>Por meio desse novo processo, a triagem para entrevista e posterior aplica\u00e7\u00e3o de testes t\u00e9cnicos e ferramentas para avalia\u00e7\u00e3o da performance do candidato ser\u00e1 feita baseada no hist\u00f3rico do candidato, desempenho e compet\u00eancia.<\/p>\n<p>A partir de agora, para essa etapa n\u00e3o ser\u00e1 necess\u00e1rio saber nome, idade, g\u00eanero, o que vai garantir uma sele\u00e7\u00e3o mais justa.<\/p>\n<p>Essa \u00e9 uma iniciativa do\u00a0<a href=\"https:\/\/www.pluscargo.com.br\/pluscargo-diversidade-wmakers\/\">WMakers<\/a>, comit\u00ea interno da Pluscargo Brasil, que planejou um processo seletivo que tenha menos interfer\u00eancia de um vi\u00e9s inconsciente e aumentar as chances de criar um ambiente profissional mais diverso na empresa.<\/p>\n<p>\u201cExistem diversas pesquisas no Brasil e no mundo que mostram a import\u00e2ncia de um ambiente diverso para fazer melhores neg\u00f3cios. Ent\u00e3o \u00e9 bom para a comunidade e para a empresa\u201d, afirma Soraya Magdanelo, managing diretor da Pluscargo. \u201cO nosso comit\u00ea ajudou a viabilizar algo simples, mas que ter\u00e1 um resultado enorme ao longo do tempo\u201d<\/p>\n<h2><strong>\u00a0Mas o que \u00e9 o vi\u00e9s inconsciente?<\/strong><\/h2>\n<p>O vi\u00e9s inconsciente \u00e9 nosso banco de dados pessoal, que nos permite formar uma opini\u00e3o a respeito do ambiente em que vivemos.<\/p>\n<p>Ele \u00e9 um conjunto de estere\u00f3tipos que mantemos sobre diferentes grupos de pessoas, a partir de situa\u00e7\u00f5es e experi\u00eancias que vivenciamos ao longo da vida.<\/p>\n<p>Ao conhecer uma pessoa pela primeira vez, temos o costume de de criar uma imagem, a partir dessa base e esse processo de percep\u00e7\u00e3o pode ser tendencioso.<\/p>\n<p>Isso faz com que seja mais comum que cada um se aproxime mais de quem tem afinidades ou mais parecido conosco, e demonstramos desconfian\u00e7a daqueles que se mostram diferentes.<\/p>\n<p>Isso serve tanto para a vida pessoal como para a profissional e \u00e9 por isso que um processo seletivo iniciado na observa\u00e7\u00e3o do hist\u00f3rico profissional e compet\u00eancias vai aumentar as chances de trazer pessoas diferentes para a empresa.<\/p>\n<p><a href=\"https:\/\/www.pluscargo.com.br\/trabalhe-conosco\/\">Conhe\u00e7a mais sobre o novo processo seletivo.<\/a><\/p>\n","protected":false},"excerpt":{"rendered":"<p>A Pluscargo Brasil est\u00e1 mudando sua forma de fazer sele\u00e7\u00e3o de candidatos para novas vagas abertas. Por meio desse novo processo, a triagem para entrevista e posterior aplica\u00e7\u00e3o de testes t\u00e9cnicos e ferramentas para avalia\u00e7\u00e3o da performance do candidato ser\u00e1 feita baseada no hist\u00f3rico do candidato, desempenho e compet\u00eancia. A partir de agora, para essa [&hellip;]<\/p>\n","protected":false},"author":1,"featured_media":425,"comment_status":"open","ping_status":"open","sticky":false,"template":"","format":"standard","meta":{"_acf_changed":false,"footnotes":""},"categories":[23],"tags":[48,19,7,8,27,101,102],"class_list":["post-1431","post","type-post","status-publish","format-standard","has-post-thumbnail","hentry","category-acontece","tag-comercio-exterior","tag-exportacao","tag-importacao","tag-logistica-internacional","tag-pluscargo-brasil","tag-processo-seletivo","tag-recursos-humanos"],"acf":[],"yoast_head":"<!-- This site is optimized with the Yoast SEO plugin v27.5 - https:\/\/yoast.com\/product\/yoast-seo-wordpress\/ -->\n<title>Novo processo seletivo na Pluscargo - Pluscargo<\/title>\n<meta name=\"description\" content=\"A Pluscargo Brasil est\u00e1 mudando seu processo seletivo para novas vagas abertas com foco em trazer mais diversidade para a empresa. Saiba mais!\" \/>\n<meta name=\"robots\" content=\"index, follow, max-snippet:-1, max-image-preview:large, max-video-preview:-1\" \/>\n<link rel=\"canonical\" href=\"https:\/\/pluscargo.com.br\/en\/novo-processo-seletivo-na-pluscargo\/\" \/>\n<meta property=\"og:locale\" content=\"en_US\" \/>\n<meta property=\"og:type\" content=\"article\" \/>\n<meta property=\"og:title\" content=\"Novo processo seletivo na Pluscargo - Pluscargo\" \/>\n<meta property=\"og:description\" content=\"A Pluscargo Brasil est\u00e1 mudando seu processo seletivo para novas vagas abertas com foco em trazer mais diversidade para a empresa. Saiba mais!\" \/>\n<meta property=\"og:url\" content=\"https:\/\/pluscargo.com.br\/en\/novo-processo-seletivo-na-pluscargo\/\" \/>\n<meta property=\"og:site_name\" content=\"Pluscargo\" \/>\n<meta property=\"article:publisher\" content=\"https:\/\/www.facebook.com\/pluscargobrasil\/\" \/>\n<meta property=\"article:published_time\" content=\"2019-10-04T16:50:55+00:00\" \/>\n<meta property=\"og:image\" content=\"https:\/\/pluscargo.com.br\/wp-content\/uploads\/2018\/07\/Depositphotos_102770790_m-2015.jpg\" \/>\n\t<meta property=\"og:image:width\" content=\"999\" \/>\n\t<meta property=\"og:image:height\" content=\"667\" \/>\n\t<meta property=\"og:image:type\" content=\"image\/jpeg\" \/>\n<meta name=\"author\" content=\"ishii\" \/>\n<meta name=\"twitter:card\" content=\"summary_large_image\" \/>\n<meta name=\"twitter:label1\" content=\"Written by\" \/>\n\t<meta name=\"twitter:data1\" content=\"ishii\" \/>\n\t<meta name=\"twitter:label2\" content=\"Est. reading time\" \/>\n\t<meta name=\"twitter:data2\" content=\"2 minutes\" \/>\n<script type=\"application\/ld+json\" class=\"yoast-schema-graph\">{\"@context\":\"https:\\\/\\\/schema.org\",\"@graph\":[{\"@type\":\"Article\",\"@id\":\"https:\\\/\\\/pluscargo.com.br\\\/novo-processo-seletivo-na-pluscargo\\\/#article\",\"isPartOf\":{\"@id\":\"https:\\\/\\\/pluscargo.com.br\\\/novo-processo-seletivo-na-pluscargo\\\/\"},\"author\":{\"name\":\"ishii\",\"@id\":\"https:\\\/\\\/pluscargo.com.br\\\/#\\\/schema\\\/person\\\/b3584103dcf1276e926a66c4d70e477c\"},\"headline\":\"Novo processo seletivo na Pluscargo\",\"datePublished\":\"2019-10-04T16:50:55+00:00\",\"mainEntityOfPage\":{\"@id\":\"https:\\\/\\\/pluscargo.com.br\\\/novo-processo-seletivo-na-pluscargo\\\/\"},\"wordCount\":344,\"commentCount\":0,\"publisher\":{\"@id\":\"https:\\\/\\\/pluscargo.com.br\\\/#organization\"},\"image\":{\"@id\":\"https:\\\/\\\/pluscargo.com.br\\\/novo-processo-seletivo-na-pluscargo\\\/#primaryimage\"},\"thumbnailUrl\":\"https:\\\/\\\/pluscargo.com.br\\\/wp-content\\\/uploads\\\/2018\\\/07\\\/Depositphotos_102770790_m-2015.jpg\",\"keywords\":[\"com\u00e9rcio exterior\",\"exporta\u00e7\u00e3o\",\"importa\u00e7\u00e3o\",\"log\u00edstica internacional\",\"Pluscargo Brasil\",\"processo seletivo\",\"recursos humanos\"],\"articleSection\":[\"Acontece na PLUS\"],\"inLanguage\":\"en-US\"},{\"@type\":\"WebPage\",\"@id\":\"https:\\\/\\\/pluscargo.com.br\\\/en\\\/novo-processo-seletivo-na-pluscargo\\\/\",\"url\":\"https:\\\/\\\/pluscargo.com.br\\\/en\\\/novo-processo-seletivo-na-pluscargo\\\/\",\"name\":\"Novo processo seletivo na Pluscargo - Pluscargo\",\"isPartOf\":{\"@id\":\"https:\\\/\\\/pluscargo.com.br\\\/en\\\/#website\"},\"primaryImageOfPage\":{\"@id\":\"https:\\\/\\\/pluscargo.com.br\\\/en\\\/novo-processo-seletivo-na-pluscargo\\\/#primaryimage\"},\"image\":{\"@id\":\"https:\\\/\\\/pluscargo.com.br\\\/novo-processo-seletivo-na-pluscargo\\\/#primaryimage\"},\"thumbnailUrl\":\"https:\\\/\\\/pluscargo.com.br\\\/wp-content\\\/uploads\\\/2018\\\/07\\\/Depositphotos_102770790_m-2015.jpg\",\"datePublished\":\"2019-10-04T16:50:55+00:00\",\"description\":\"A Pluscargo Brasil est\u00e1 mudando seu processo seletivo para novas vagas abertas com foco em trazer mais diversidade para a empresa. Saiba mais!\",\"inLanguage\":\"en-US\",\"potentialAction\":[{\"@type\":\"ReadAction\",\"target\":[[\"https:\\\/\\\/pluscargo.com.br\\\/en\\\/novo-processo-seletivo-na-pluscargo\\\/\"]]}]},{\"@type\":\"ImageObject\",\"inLanguage\":\"en-US\",\"@id\":\"https:\\\/\\\/pluscargo.com.br\\\/en\\\/novo-processo-seletivo-na-pluscargo\\\/#primaryimage\",\"url\":\"https:\\\/\\\/pluscargo.com.br\\\/wp-content\\\/uploads\\\/2018\\\/07\\\/Depositphotos_102770790_m-2015.jpg\",\"contentUrl\":\"https:\\\/\\\/pluscargo.com.br\\\/wp-content\\\/uploads\\\/2018\\\/07\\\/Depositphotos_102770790_m-2015.jpg\",\"width\":999,\"height\":667},{\"@type\":\"WebSite\",\"@id\":\"https:\\\/\\\/pluscargo.com.br\\\/en\\\/#website\",\"url\":\"https:\\\/\\\/pluscargo.com.br\\\/en\\\/\",\"name\":\"Pluscargo\",\"description\":\"A Pluscargo \u00e9 uma empresa do Grupo RAS, o maior ecossistema log\u00edstico da Am\u00e9rica Latina\",\"publisher\":{\"@id\":\"https:\\\/\\\/pluscargo.com.br\\\/en\\\/#organization\"},\"potentialAction\":[{\"@type\":\"SearchAction\",\"target\":{\"@type\":\"EntryPoint\",\"urlTemplate\":\"https:\\\/\\\/pluscargo.com.br\\\/en\\\/?s={search_term_string}\"},\"query-input\":{\"@type\":\"PropertyValueSpecification\",\"valueRequired\":true,\"valueName\":\"search_term_string\"}}],\"inLanguage\":\"en-US\"},{\"@type\":\"Organization\",\"@id\":\"https:\\\/\\\/pluscargo.com.br\\\/en\\\/#organization\",\"name\":\"Pluscargo Brasil\",\"url\":\"https:\\\/\\\/pluscargo.com.br\\\/en\\\/\",\"logo\":{\"@type\":\"ImageObject\",\"inLanguage\":\"en-US\",\"@id\":\"https:\\\/\\\/pluscargo.com.br\\\/en\\\/#\\\/schema\\\/logo\\\/image\\\/\",\"url\":\"https:\\\/\\\/pluscargo.com.br\\\/wp-content\\\/uploads\\\/2019\\\/02\\\/Pluscargo_Logo.png\",\"contentUrl\":\"https:\\\/\\\/pluscargo.com.br\\\/wp-content\\\/uploads\\\/2019\\\/02\\\/Pluscargo_Logo.png\",\"width\":3063,\"height\":518,\"caption\":\"Pluscargo Brasil\"},\"image\":{\"@id\":\"https:\\\/\\\/pluscargo.com.br\\\/en\\\/#\\\/schema\\\/logo\\\/image\\\/\"},\"sameAs\":[\"https:\\\/\\\/www.facebook.com\\\/pluscargobrasil\\\/\",\"https:\\\/\\\/www.instagram.com\\\/pluscargo\\\/\",\"https:\\\/\\\/www.linkedin.com\\\/company\\\/pluscargo-do-brasil-ltda\"]},{\"@type\":\"Person\",\"@id\":\"https:\\\/\\\/pluscargo.com.br\\\/#\\\/schema\\\/person\\\/b3584103dcf1276e926a66c4d70e477c\",\"name\":\"ishii\",\"image\":{\"@type\":\"ImageObject\",\"inLanguage\":\"en-US\",\"@id\":\"https:\\\/\\\/secure.gravatar.com\\\/avatar\\\/bec959663c8c91aca0fc2d5166b649a088c5bdbee9cceb1f835c1f31cd1bf0b1?s=96&d=mm&r=g\",\"url\":\"https:\\\/\\\/secure.gravatar.com\\\/avatar\\\/bec959663c8c91aca0fc2d5166b649a088c5bdbee9cceb1f835c1f31cd1bf0b1?s=96&d=mm&r=g\",\"contentUrl\":\"https:\\\/\\\/secure.gravatar.com\\\/avatar\\\/bec959663c8c91aca0fc2d5166b649a088c5bdbee9cceb1f835c1f31cd1bf0b1?s=96&d=mm&r=g\",\"caption\":\"ishii\"},\"url\":\"https:\\\/\\\/pluscargo.com.br\\\/en\\\/author\\\/ishii\\\/\"}]}<\/script>\n<!-- \/ Yoast SEO plugin. -->","yoast_head_json":{"title":"Novo processo seletivo na Pluscargo - Pluscargo","description":"A Pluscargo Brasil est\u00e1 mudando seu processo seletivo para novas vagas abertas com foco em trazer mais diversidade para a empresa. Saiba mais!","robots":{"index":"index","follow":"follow","max-snippet":"max-snippet:-1","max-image-preview":"max-image-preview:large","max-video-preview":"max-video-preview:-1"},"canonical":"https:\/\/pluscargo.com.br\/en\/novo-processo-seletivo-na-pluscargo\/","og_locale":"en_US","og_type":"article","og_title":"Novo processo seletivo na Pluscargo - Pluscargo","og_description":"A Pluscargo Brasil est\u00e1 mudando seu processo seletivo para novas vagas abertas com foco em trazer mais diversidade para a empresa. Saiba mais!","og_url":"https:\/\/pluscargo.com.br\/en\/novo-processo-seletivo-na-pluscargo\/","og_site_name":"Pluscargo","article_publisher":"https:\/\/www.facebook.com\/pluscargobrasil\/","article_published_time":"2019-10-04T16:50:55+00:00","og_image":[{"width":999,"height":667,"url":"https:\/\/pluscargo.com.br\/wp-content\/uploads\/2018\/07\/Depositphotos_102770790_m-2015.jpg","type":"image\/jpeg"}],"author":"ishii","twitter_card":"summary_large_image","twitter_misc":{"Written by":"ishii","Est. reading time":"2 minutes"},"schema":{"@context":"https:\/\/schema.org","@graph":[{"@type":"Article","@id":"https:\/\/pluscargo.com.br\/novo-processo-seletivo-na-pluscargo\/#article","isPartOf":{"@id":"https:\/\/pluscargo.com.br\/novo-processo-seletivo-na-pluscargo\/"},"author":{"name":"ishii","@id":"https:\/\/pluscargo.com.br\/#\/schema\/person\/b3584103dcf1276e926a66c4d70e477c"},"headline":"Novo processo seletivo na Pluscargo","datePublished":"2019-10-04T16:50:55+00:00","mainEntityOfPage":{"@id":"https:\/\/pluscargo.com.br\/novo-processo-seletivo-na-pluscargo\/"},"wordCount":344,"commentCount":0,"publisher":{"@id":"https:\/\/pluscargo.com.br\/#organization"},"image":{"@id":"https:\/\/pluscargo.com.br\/novo-processo-seletivo-na-pluscargo\/#primaryimage"},"thumbnailUrl":"https:\/\/pluscargo.com.br\/wp-content\/uploads\/2018\/07\/Depositphotos_102770790_m-2015.jpg","keywords":["com\u00e9rcio exterior","exporta\u00e7\u00e3o","importa\u00e7\u00e3o","log\u00edstica internacional","Pluscargo Brasil","processo seletivo","recursos humanos"],"articleSection":["Acontece na PLUS"],"inLanguage":"en-US"},{"@type":"WebPage","@id":"https:\/\/pluscargo.com.br\/en\/novo-processo-seletivo-na-pluscargo\/","url":"https:\/\/pluscargo.com.br\/en\/novo-processo-seletivo-na-pluscargo\/","name":"Novo processo seletivo na Pluscargo - Pluscargo","isPartOf":{"@id":"https:\/\/pluscargo.com.br\/en\/#website"},"primaryImageOfPage":{"@id":"https:\/\/pluscargo.com.br\/en\/novo-processo-seletivo-na-pluscargo\/#primaryimage"},"image":{"@id":"https:\/\/pluscargo.com.br\/novo-processo-seletivo-na-pluscargo\/#primaryimage"},"thumbnailUrl":"https:\/\/pluscargo.com.br\/wp-content\/uploads\/2018\/07\/Depositphotos_102770790_m-2015.jpg","datePublished":"2019-10-04T16:50:55+00:00","description":"A Pluscargo Brasil est\u00e1 mudando seu processo seletivo para novas vagas abertas com foco em trazer mais diversidade para a empresa. Saiba mais!","inLanguage":"en-US","potentialAction":[{"@type":"ReadAction","target":[["https:\/\/pluscargo.com.br\/en\/novo-processo-seletivo-na-pluscargo\/"]]}]},{"@type":"ImageObject","inLanguage":"en-US","@id":"https:\/\/pluscargo.com.br\/en\/novo-processo-seletivo-na-pluscargo\/#primaryimage","url":"https:\/\/pluscargo.com.br\/wp-content\/uploads\/2018\/07\/Depositphotos_102770790_m-2015.jpg","contentUrl":"https:\/\/pluscargo.com.br\/wp-content\/uploads\/2018\/07\/Depositphotos_102770790_m-2015.jpg","width":999,"height":667},{"@type":"WebSite","@id":"https:\/\/pluscargo.com.br\/en\/#website","url":"https:\/\/pluscargo.com.br\/en\/","name":"Pluscargo","description":"A Pluscargo \u00e9 uma empresa do Grupo RAS, o maior ecossistema log\u00edstico da Am\u00e9rica Latina","publisher":{"@id":"https:\/\/pluscargo.com.br\/en\/#organization"},"potentialAction":[{"@type":"SearchAction","target":{"@type":"EntryPoint","urlTemplate":"https:\/\/pluscargo.com.br\/en\/?s={search_term_string}"},"query-input":{"@type":"PropertyValueSpecification","valueRequired":true,"valueName":"search_term_string"}}],"inLanguage":"en-US"},{"@type":"Organization","@id":"https:\/\/pluscargo.com.br\/en\/#organization","name":"Pluscargo Brasil","url":"https:\/\/pluscargo.com.br\/en\/","logo":{"@type":"ImageObject","inLanguage":"en-US","@id":"https:\/\/pluscargo.com.br\/en\/#\/schema\/logo\/image\/","url":"https:\/\/pluscargo.com.br\/wp-content\/uploads\/2019\/02\/Pluscargo_Logo.png","contentUrl":"https:\/\/pluscargo.com.br\/wp-content\/uploads\/2019\/02\/Pluscargo_Logo.png","width":3063,"height":518,"caption":"Pluscargo Brasil"},"image":{"@id":"https:\/\/pluscargo.com.br\/en\/#\/schema\/logo\/image\/"},"sameAs":["https:\/\/www.facebook.com\/pluscargobrasil\/","https:\/\/www.instagram.com\/pluscargo\/","https:\/\/www.linkedin.com\/company\/pluscargo-do-brasil-ltda"]},{"@type":"Person","@id":"https:\/\/pluscargo.com.br\/#\/schema\/person\/b3584103dcf1276e926a66c4d70e477c","name":"ishii","image":{"@type":"ImageObject","inLanguage":"en-US","@id":"https:\/\/secure.gravatar.com\/avatar\/bec959663c8c91aca0fc2d5166b649a088c5bdbee9cceb1f835c1f31cd1bf0b1?s=96&d=mm&r=g","url":"https:\/\/secure.gravatar.com\/avatar\/bec959663c8c91aca0fc2d5166b649a088c5bdbee9cceb1f835c1f31cd1bf0b1?s=96&d=mm&r=g","contentUrl":"https:\/\/secure.gravatar.com\/avatar\/bec959663c8c91aca0fc2d5166b649a088c5bdbee9cceb1f835c1f31cd1bf0b1?s=96&d=mm&r=g","caption":"ishii"},"url":"https:\/\/pluscargo.com.br\/en\/author\/ishii\/"}]}},"_links":{"self":[{"href":"https:\/\/pluscargo.com.br\/en\/wp-json\/wp\/v2\/posts\/1431","targetHints":{"allow":["GET"]}}],"collection":[{"href":"https:\/\/pluscargo.com.br\/en\/wp-json\/wp\/v2\/posts"}],"about":[{"href":"https:\/\/pluscargo.com.br\/en\/wp-json\/wp\/v2\/types\/post"}],"author":[{"embeddable":true,"href":"https:\/\/pluscargo.com.br\/en\/wp-json\/wp\/v2\/users\/1"}],"replies":[{"embeddable":true,"href":"https:\/\/pluscargo.com.br\/en\/wp-json\/wp\/v2\/comments?post=1431"}],"version-history":[{"count":0,"href":"https:\/\/pluscargo.com.br\/en\/wp-json\/wp\/v2\/posts\/1431\/revisions"}],"wp:featuredmedia":[{"embeddable":true,"href":"https:\/\/pluscargo.com.br\/en\/wp-json\/wp\/v2\/media\/425"}],"wp:attachment":[{"href":"https:\/\/pluscargo.com.br\/en\/wp-json\/wp\/v2\/media?parent=1431"}],"wp:term":[{"taxonomy":"category","embeddable":true,"href":"https:\/\/pluscargo.com.br\/en\/wp-json\/wp\/v2\/categories?post=1431"},{"taxonomy":"post_tag","embeddable":true,"href":"https:\/\/pluscargo.com.br\/en\/wp-json\/wp\/v2\/tags?post=1431"}],"curies":[{"name":"wp","href":"https:\/\/api.w.org\/{rel}","templated":true}]}}