{"id":1718,"date":"2020-06-03T13:06:44","date_gmt":"2020-06-03T16:06:44","guid":{"rendered":"https:\/\/pluscargo.com.br\/?p=1718"},"modified":"2020-06-03T13:06:44","modified_gmt":"2020-06-03T16:06:44","slug":"sea-air-pluscargo","status":"publish","type":"post","link":"https:\/\/pluscargo.com.br\/en\/sea-air-pluscargo\/","title":{"rendered":"Conhe\u00e7a o novo servi\u00e7o Sea-Air da Pluscargo"},"content":{"rendered":"<p>O servi\u00e7o Sea-Air na unidade da Pluscargo em Miami, combina frete rodovi\u00e1rio e mar\u00edtimo, oferecendo o equil\u00edbrio entre velocidade, oferta de espa\u00e7o e pre\u00e7os competitivos para embarques a partir de Xangai, o principal porto de sa\u00edda de mercadorias \u00a0da China, para S\u00e3o Paulo.<\/p>\n<p>Com sa\u00eddas semanais a partir de Xangai e di\u00e1rias a partir de Miami, o servi\u00e7o conta com Transit Time total entre 17 e 20 dias, contemplando:<\/p>\n<ul>\n<li>Xangai para Los Angeles: mar\u00edtimo<\/li>\n<li>Los Angeles para Miami: rodovi\u00e1rio<\/li>\n<li>Miami para S\u00e3o Paulo: a\u00e9reo<\/li>\n<\/ul>\n<p>Essa \u00e9 a rota combinada de importa\u00e7\u00e3o ideal para quem busca as melhores oportunidades de neg\u00f3cio entre os dois pa\u00edses.<\/p>\n<p>Veja aqui algumas vantagens do servi\u00e7o:<\/p>\n<ul>\n<li>Frete consideravelmente mais baixo que op\u00e7\u00e3o de a\u00e9reo. Em tempos de alta do d\u00f3lar, essa op\u00e7\u00e3o pode fazer a diferen\u00e7a para o seu neg\u00f3cio.<\/li>\n<li>Economia na cadeia de impostos. Uma vez que o frete \u00e9 mais baixo, o CIF ser\u00e1 reduzido.<\/li>\n<li>Economia de tempo em rela\u00e7\u00e3o \u00e0s op\u00e7\u00f5es de frete mar\u00edtimo.<\/li>\n<li>No servi\u00e7o Sea-Air, os embarques de implementos m\u00e9dicos que precisam do frete pr\u00e9-pago. Uma alternativa importante durante a pandemia de covid-19.<\/li>\n<li>Contamos com estrutura pr\u00f3pria para esse servi\u00e7o, um diferencial que s\u00f3 a Pluscargo tem.<\/li>\n<\/ul>\n<p>Entre em contato com a nossa equipe para saber mais informa\u00e7\u00f5es e benef\u00edcios dessa rota:<\/p>\n<p><a href=\"mailto:francisco.laurentis@pluscargo.com.br\">Francisco Laurentis<\/a><br \/>\n<a href=\"mailto:cecilia.amioka@pluscargo.com.br\">Cec\u00edlia Amioka<\/a><\/p>\n","protected":false},"excerpt":{"rendered":"<p>O servi\u00e7o Sea-Air na unidade da Pluscargo em Miami, combina frete rodovi\u00e1rio e mar\u00edtimo, oferecendo o equil\u00edbrio entre velocidade, oferta de espa\u00e7o e pre\u00e7os competitivos para embarques a partir de Xangai, o principal porto de sa\u00edda de mercadorias \u00a0da China, para S\u00e3o Paulo. Com sa\u00eddas semanais a partir de Xangai e di\u00e1rias a partir de [&hellip;]<\/p>\n","protected":false},"author":1,"featured_media":1208,"comment_status":"open","ping_status":"open","sticky":false,"template":"","format":"standard","meta":{"_acf_changed":false,"footnotes":""},"categories":[9],"tags":[48,19,7,118,8,27,49,46,34,90],"class_list":["post-1718","post","type-post","status-publish","format-standard","has-post-thumbnail","hentry","category-novidades","tag-comercio-exterior","tag-exportacao","tag-importacao","tag-logistica-integrada","tag-logistica-internacional","tag-pluscargo-brasil","tag-sea-air","tag-transporte-aereo","tag-transporte-maritimo","tag-transporte-rodoviario"],"acf":[],"yoast_head":"<!-- This site is optimized with the Yoast SEO plugin v27.5 - https:\/\/yoast.com\/product\/yoast-seo-wordpress\/ -->\n<title>Conhe\u00e7a o novo servi\u00e7o Sea-Air da Pluscargo - Pluscargo<\/title>\n<meta name=\"description\" content=\"O servi\u00e7o Sea-Air da Pluscargo combina frete rodovi\u00e1rio e mar\u00edtimo, oferecendo o equil\u00edbrio entre velocidade, oferta de espa\u00e7o e pre\u00e7os competitivos\" \/>\n<meta name=\"robots\" content=\"index, follow, max-snippet:-1, max-image-preview:large, max-video-preview:-1\" \/>\n<link rel=\"canonical\" href=\"https:\/\/pluscargo.com.br\/en\/sea-air-pluscargo\/\" \/>\n<meta property=\"og:locale\" content=\"en_US\" \/>\n<meta property=\"og:type\" content=\"article\" \/>\n<meta property=\"og:title\" content=\"Conhe\u00e7a o novo servi\u00e7o Sea-Air da Pluscargo - Pluscargo\" \/>\n<meta property=\"og:description\" content=\"O servi\u00e7o Sea-Air da Pluscargo combina frete rodovi\u00e1rio e mar\u00edtimo, oferecendo o equil\u00edbrio entre velocidade, oferta de espa\u00e7o e pre\u00e7os competitivos\" \/>\n<meta property=\"og:url\" content=\"https:\/\/pluscargo.com.br\/en\/sea-air-pluscargo\/\" \/>\n<meta property=\"og:site_name\" content=\"Pluscargo\" \/>\n<meta property=\"article:publisher\" content=\"https:\/\/www.facebook.com\/pluscargobrasil\/\" \/>\n<meta property=\"article:published_time\" content=\"2020-06-03T16:06:44+00:00\" \/>\n<meta property=\"og:image\" content=\"https:\/\/pluscargo.com.br\/wp-content\/uploads\/2019\/05\/Depositphotos_19449949_xl-2015-scaled.jpg\" \/>\n\t<meta property=\"og:image:width\" content=\"2560\" \/>\n\t<meta property=\"og:image:height\" content=\"1722\" \/>\n\t<meta property=\"og:image:type\" content=\"image\/jpeg\" \/>\n<meta name=\"author\" content=\"ishii\" \/>\n<meta name=\"twitter:card\" content=\"summary_large_image\" \/>\n<meta name=\"twitter:label1\" content=\"Written by\" \/>\n\t<meta name=\"twitter:data1\" content=\"ishii\" \/>\n\t<meta name=\"twitter:label2\" content=\"Est. reading time\" \/>\n\t<meta name=\"twitter:data2\" content=\"1 minute\" \/>\n<script type=\"application\/ld+json\" class=\"yoast-schema-graph\">{\"@context\":\"https:\\\/\\\/schema.org\",\"@graph\":[{\"@type\":\"Article\",\"@id\":\"https:\\\/\\\/pluscargo.com.br\\\/sea-air-pluscargo\\\/#article\",\"isPartOf\":{\"@id\":\"https:\\\/\\\/pluscargo.com.br\\\/sea-air-pluscargo\\\/\"},\"author\":{\"name\":\"ishii\",\"@id\":\"https:\\\/\\\/pluscargo.com.br\\\/#\\\/schema\\\/person\\\/b3584103dcf1276e926a66c4d70e477c\"},\"headline\":\"Conhe\u00e7a o novo servi\u00e7o Sea-Air da Pluscargo\",\"datePublished\":\"2020-06-03T16:06:44+00:00\",\"mainEntityOfPage\":{\"@id\":\"https:\\\/\\\/pluscargo.com.br\\\/sea-air-pluscargo\\\/\"},\"wordCount\":256,\"commentCount\":0,\"publisher\":{\"@id\":\"https:\\\/\\\/pluscargo.com.br\\\/#organization\"},\"image\":{\"@id\":\"https:\\\/\\\/pluscargo.com.br\\\/sea-air-pluscargo\\\/#primaryimage\"},\"thumbnailUrl\":\"https:\\\/\\\/pluscargo.com.br\\\/wp-content\\\/uploads\\\/2019\\\/05\\\/Depositphotos_19449949_xl-2015-scaled.jpg\",\"keywords\":[\"com\u00e9rcio exterior\",\"exporta\u00e7\u00e3o\",\"importa\u00e7\u00e3o\",\"log\u00edstica integrada\",\"log\u00edstica internacional\",\"Pluscargo Brasil\",\"sea-air\",\"transporte a\u00e9reo\",\"transporte mar\u00edtimo\",\"transporte rodovi\u00e1rio\"],\"articleSection\":[\"News\"],\"inLanguage\":\"en-US\"},{\"@type\":\"WebPage\",\"@id\":\"https:\\\/\\\/pluscargo.com.br\\\/en\\\/sea-air-pluscargo\\\/\",\"url\":\"https:\\\/\\\/pluscargo.com.br\\\/en\\\/sea-air-pluscargo\\\/\",\"name\":\"Conhe\u00e7a o novo servi\u00e7o Sea-Air da Pluscargo - Pluscargo\",\"isPartOf\":{\"@id\":\"https:\\\/\\\/pluscargo.com.br\\\/en\\\/#website\"},\"primaryImageOfPage\":{\"@id\":\"https:\\\/\\\/pluscargo.com.br\\\/en\\\/sea-air-pluscargo\\\/#primaryimage\"},\"image\":{\"@id\":\"https:\\\/\\\/pluscargo.com.br\\\/sea-air-pluscargo\\\/#primaryimage\"},\"thumbnailUrl\":\"https:\\\/\\\/pluscargo.com.br\\\/wp-content\\\/uploads\\\/2019\\\/05\\\/Depositphotos_19449949_xl-2015-scaled.jpg\",\"datePublished\":\"2020-06-03T16:06:44+00:00\",\"description\":\"O servi\u00e7o Sea-Air da Pluscargo combina frete rodovi\u00e1rio e mar\u00edtimo, oferecendo o equil\u00edbrio entre velocidade, oferta de espa\u00e7o e pre\u00e7os competitivos\",\"inLanguage\":\"en-US\",\"potentialAction\":[{\"@type\":\"ReadAction\",\"target\":[[\"https:\\\/\\\/pluscargo.com.br\\\/en\\\/sea-air-pluscargo\\\/\"]]}]},{\"@type\":\"ImageObject\",\"inLanguage\":\"en-US\",\"@id\":\"https:\\\/\\\/pluscargo.com.br\\\/en\\\/sea-air-pluscargo\\\/#primaryimage\",\"url\":\"https:\\\/\\\/pluscargo.com.br\\\/wp-content\\\/uploads\\\/2019\\\/05\\\/Depositphotos_19449949_xl-2015-scaled.jpg\",\"contentUrl\":\"https:\\\/\\\/pluscargo.com.br\\\/wp-content\\\/uploads\\\/2019\\\/05\\\/Depositphotos_19449949_xl-2015-scaled.jpg\",\"width\":2560,\"height\":1722},{\"@type\":\"WebSite\",\"@id\":\"https:\\\/\\\/pluscargo.com.br\\\/en\\\/#website\",\"url\":\"https:\\\/\\\/pluscargo.com.br\\\/en\\\/\",\"name\":\"Pluscargo\",\"description\":\"A Pluscargo \u00e9 uma empresa do Grupo RAS, o maior ecossistema log\u00edstico da Am\u00e9rica Latina\",\"publisher\":{\"@id\":\"https:\\\/\\\/pluscargo.com.br\\\/en\\\/#organization\"},\"potentialAction\":[{\"@type\":\"SearchAction\",\"target\":{\"@type\":\"EntryPoint\",\"urlTemplate\":\"https:\\\/\\\/pluscargo.com.br\\\/en\\\/?s={search_term_string}\"},\"query-input\":{\"@type\":\"PropertyValueSpecification\",\"valueRequired\":true,\"valueName\":\"search_term_string\"}}],\"inLanguage\":\"en-US\"},{\"@type\":\"Organization\",\"@id\":\"https:\\\/\\\/pluscargo.com.br\\\/en\\\/#organization\",\"name\":\"Pluscargo Brasil\",\"url\":\"https:\\\/\\\/pluscargo.com.br\\\/en\\\/\",\"logo\":{\"@type\":\"ImageObject\",\"inLanguage\":\"en-US\",\"@id\":\"https:\\\/\\\/pluscargo.com.br\\\/en\\\/#\\\/schema\\\/logo\\\/image\\\/\",\"url\":\"https:\\\/\\\/pluscargo.com.br\\\/wp-content\\\/uploads\\\/2019\\\/02\\\/Pluscargo_Logo.png\",\"contentUrl\":\"https:\\\/\\\/pluscargo.com.br\\\/wp-content\\\/uploads\\\/2019\\\/02\\\/Pluscargo_Logo.png\",\"width\":3063,\"height\":518,\"caption\":\"Pluscargo Brasil\"},\"image\":{\"@id\":\"https:\\\/\\\/pluscargo.com.br\\\/en\\\/#\\\/schema\\\/logo\\\/image\\\/\"},\"sameAs\":[\"https:\\\/\\\/www.facebook.com\\\/pluscargobrasil\\\/\",\"https:\\\/\\\/www.instagram.com\\\/pluscargo\\\/\",\"https:\\\/\\\/www.linkedin.com\\\/company\\\/pluscargo-do-brasil-ltda\"]},{\"@type\":\"Person\",\"@id\":\"https:\\\/\\\/pluscargo.com.br\\\/#\\\/schema\\\/person\\\/b3584103dcf1276e926a66c4d70e477c\",\"name\":\"ishii\",\"image\":{\"@type\":\"ImageObject\",\"inLanguage\":\"en-US\",\"@id\":\"https:\\\/\\\/secure.gravatar.com\\\/avatar\\\/bec959663c8c91aca0fc2d5166b649a088c5bdbee9cceb1f835c1f31cd1bf0b1?s=96&d=mm&r=g\",\"url\":\"https:\\\/\\\/secure.gravatar.com\\\/avatar\\\/bec959663c8c91aca0fc2d5166b649a088c5bdbee9cceb1f835c1f31cd1bf0b1?s=96&d=mm&r=g\",\"contentUrl\":\"https:\\\/\\\/secure.gravatar.com\\\/avatar\\\/bec959663c8c91aca0fc2d5166b649a088c5bdbee9cceb1f835c1f31cd1bf0b1?s=96&d=mm&r=g\",\"caption\":\"ishii\"},\"url\":\"https:\\\/\\\/pluscargo.com.br\\\/en\\\/author\\\/ishii\\\/\"}]}<\/script>\n<!-- \/ Yoast SEO plugin. -->","yoast_head_json":{"title":"Conhe\u00e7a o novo servi\u00e7o Sea-Air da Pluscargo - Pluscargo","description":"O servi\u00e7o Sea-Air da Pluscargo combina frete rodovi\u00e1rio e mar\u00edtimo, oferecendo o equil\u00edbrio entre velocidade, oferta de espa\u00e7o e pre\u00e7os competitivos","robots":{"index":"index","follow":"follow","max-snippet":"max-snippet:-1","max-image-preview":"max-image-preview:large","max-video-preview":"max-video-preview:-1"},"canonical":"https:\/\/pluscargo.com.br\/en\/sea-air-pluscargo\/","og_locale":"en_US","og_type":"article","og_title":"Conhe\u00e7a o novo servi\u00e7o Sea-Air da Pluscargo - Pluscargo","og_description":"O servi\u00e7o Sea-Air da Pluscargo combina frete rodovi\u00e1rio e mar\u00edtimo, oferecendo o equil\u00edbrio entre velocidade, oferta de espa\u00e7o e pre\u00e7os competitivos","og_url":"https:\/\/pluscargo.com.br\/en\/sea-air-pluscargo\/","og_site_name":"Pluscargo","article_publisher":"https:\/\/www.facebook.com\/pluscargobrasil\/","article_published_time":"2020-06-03T16:06:44+00:00","og_image":[{"width":2560,"height":1722,"url":"https:\/\/pluscargo.com.br\/wp-content\/uploads\/2019\/05\/Depositphotos_19449949_xl-2015-scaled.jpg","type":"image\/jpeg"}],"author":"ishii","twitter_card":"summary_large_image","twitter_misc":{"Written by":"ishii","Est. reading time":"1 minute"},"schema":{"@context":"https:\/\/schema.org","@graph":[{"@type":"Article","@id":"https:\/\/pluscargo.com.br\/sea-air-pluscargo\/#article","isPartOf":{"@id":"https:\/\/pluscargo.com.br\/sea-air-pluscargo\/"},"author":{"name":"ishii","@id":"https:\/\/pluscargo.com.br\/#\/schema\/person\/b3584103dcf1276e926a66c4d70e477c"},"headline":"Conhe\u00e7a o novo servi\u00e7o Sea-Air da Pluscargo","datePublished":"2020-06-03T16:06:44+00:00","mainEntityOfPage":{"@id":"https:\/\/pluscargo.com.br\/sea-air-pluscargo\/"},"wordCount":256,"commentCount":0,"publisher":{"@id":"https:\/\/pluscargo.com.br\/#organization"},"image":{"@id":"https:\/\/pluscargo.com.br\/sea-air-pluscargo\/#primaryimage"},"thumbnailUrl":"https:\/\/pluscargo.com.br\/wp-content\/uploads\/2019\/05\/Depositphotos_19449949_xl-2015-scaled.jpg","keywords":["com\u00e9rcio exterior","exporta\u00e7\u00e3o","importa\u00e7\u00e3o","log\u00edstica integrada","log\u00edstica internacional","Pluscargo Brasil","sea-air","transporte a\u00e9reo","transporte mar\u00edtimo","transporte rodovi\u00e1rio"],"articleSection":["News"],"inLanguage":"en-US"},{"@type":"WebPage","@id":"https:\/\/pluscargo.com.br\/en\/sea-air-pluscargo\/","url":"https:\/\/pluscargo.com.br\/en\/sea-air-pluscargo\/","name":"Conhe\u00e7a o novo servi\u00e7o Sea-Air da Pluscargo - Pluscargo","isPartOf":{"@id":"https:\/\/pluscargo.com.br\/en\/#website"},"primaryImageOfPage":{"@id":"https:\/\/pluscargo.com.br\/en\/sea-air-pluscargo\/#primaryimage"},"image":{"@id":"https:\/\/pluscargo.com.br\/sea-air-pluscargo\/#primaryimage"},"thumbnailUrl":"https:\/\/pluscargo.com.br\/wp-content\/uploads\/2019\/05\/Depositphotos_19449949_xl-2015-scaled.jpg","datePublished":"2020-06-03T16:06:44+00:00","description":"O servi\u00e7o Sea-Air da Pluscargo combina frete rodovi\u00e1rio e mar\u00edtimo, oferecendo o equil\u00edbrio entre velocidade, oferta de espa\u00e7o e pre\u00e7os competitivos","inLanguage":"en-US","potentialAction":[{"@type":"ReadAction","target":[["https:\/\/pluscargo.com.br\/en\/sea-air-pluscargo\/"]]}]},{"@type":"ImageObject","inLanguage":"en-US","@id":"https:\/\/pluscargo.com.br\/en\/sea-air-pluscargo\/#primaryimage","url":"https:\/\/pluscargo.com.br\/wp-content\/uploads\/2019\/05\/Depositphotos_19449949_xl-2015-scaled.jpg","contentUrl":"https:\/\/pluscargo.com.br\/wp-content\/uploads\/2019\/05\/Depositphotos_19449949_xl-2015-scaled.jpg","width":2560,"height":1722},{"@type":"WebSite","@id":"https:\/\/pluscargo.com.br\/en\/#website","url":"https:\/\/pluscargo.com.br\/en\/","name":"Pluscargo","description":"A Pluscargo \u00e9 uma empresa do Grupo RAS, o maior ecossistema log\u00edstico da Am\u00e9rica Latina","publisher":{"@id":"https:\/\/pluscargo.com.br\/en\/#organization"},"potentialAction":[{"@type":"SearchAction","target":{"@type":"EntryPoint","urlTemplate":"https:\/\/pluscargo.com.br\/en\/?s={search_term_string}"},"query-input":{"@type":"PropertyValueSpecification","valueRequired":true,"valueName":"search_term_string"}}],"inLanguage":"en-US"},{"@type":"Organization","@id":"https:\/\/pluscargo.com.br\/en\/#organization","name":"Pluscargo Brasil","url":"https:\/\/pluscargo.com.br\/en\/","logo":{"@type":"ImageObject","inLanguage":"en-US","@id":"https:\/\/pluscargo.com.br\/en\/#\/schema\/logo\/image\/","url":"https:\/\/pluscargo.com.br\/wp-content\/uploads\/2019\/02\/Pluscargo_Logo.png","contentUrl":"https:\/\/pluscargo.com.br\/wp-content\/uploads\/2019\/02\/Pluscargo_Logo.png","width":3063,"height":518,"caption":"Pluscargo Brasil"},"image":{"@id":"https:\/\/pluscargo.com.br\/en\/#\/schema\/logo\/image\/"},"sameAs":["https:\/\/www.facebook.com\/pluscargobrasil\/","https:\/\/www.instagram.com\/pluscargo\/","https:\/\/www.linkedin.com\/company\/pluscargo-do-brasil-ltda"]},{"@type":"Person","@id":"https:\/\/pluscargo.com.br\/#\/schema\/person\/b3584103dcf1276e926a66c4d70e477c","name":"ishii","image":{"@type":"ImageObject","inLanguage":"en-US","@id":"https:\/\/secure.gravatar.com\/avatar\/bec959663c8c91aca0fc2d5166b649a088c5bdbee9cceb1f835c1f31cd1bf0b1?s=96&d=mm&r=g","url":"https:\/\/secure.gravatar.com\/avatar\/bec959663c8c91aca0fc2d5166b649a088c5bdbee9cceb1f835c1f31cd1bf0b1?s=96&d=mm&r=g","contentUrl":"https:\/\/secure.gravatar.com\/avatar\/bec959663c8c91aca0fc2d5166b649a088c5bdbee9cceb1f835c1f31cd1bf0b1?s=96&d=mm&r=g","caption":"ishii"},"url":"https:\/\/pluscargo.com.br\/en\/author\/ishii\/"}]}},"_links":{"self":[{"href":"https:\/\/pluscargo.com.br\/en\/wp-json\/wp\/v2\/posts\/1718","targetHints":{"allow":["GET"]}}],"collection":[{"href":"https:\/\/pluscargo.com.br\/en\/wp-json\/wp\/v2\/posts"}],"about":[{"href":"https:\/\/pluscargo.com.br\/en\/wp-json\/wp\/v2\/types\/post"}],"author":[{"embeddable":true,"href":"https:\/\/pluscargo.com.br\/en\/wp-json\/wp\/v2\/users\/1"}],"replies":[{"embeddable":true,"href":"https:\/\/pluscargo.com.br\/en\/wp-json\/wp\/v2\/comments?post=1718"}],"version-history":[{"count":0,"href":"https:\/\/pluscargo.com.br\/en\/wp-json\/wp\/v2\/posts\/1718\/revisions"}],"wp:featuredmedia":[{"embeddable":true,"href":"https:\/\/pluscargo.com.br\/en\/wp-json\/wp\/v2\/media\/1208"}],"wp:attachment":[{"href":"https:\/\/pluscargo.com.br\/en\/wp-json\/wp\/v2\/media?parent=1718"}],"wp:term":[{"taxonomy":"category","embeddable":true,"href":"https:\/\/pluscargo.com.br\/en\/wp-json\/wp\/v2\/categories?post=1718"},{"taxonomy":"post_tag","embeddable":true,"href":"https:\/\/pluscargo.com.br\/en\/wp-json\/wp\/v2\/tags?post=1718"}],"curies":[{"name":"wp","href":"https:\/\/api.w.org\/{rel}","templated":true}]}}