{"id":1983,"date":"2021-01-05T17:37:53","date_gmt":"2021-01-05T20:37:53","guid":{"rendered":"https:\/\/pluscargo.com.br\/?p=1983"},"modified":"2021-01-05T17:37:53","modified_gmt":"2021-01-05T20:37:53","slug":"situacao-conteineres-frete-2021","status":"publish","type":"post","link":"https:\/\/pluscargo.com.br\/en\/situacao-conteineres-frete-2021\/","title":{"rendered":"A situa\u00e7\u00e3o dos cont\u00eaineres e do frete internacional no in\u00edcio de 2021"},"content":{"rendered":"\n<p>Diversos setores da economia est\u00e3o sendo <a href=\"https:\/\/cbncuritiba.com\/aumento-do-frete-internacional-impacta-precos-no-brasil\/\">impactados pela alta do frete internaciona<\/a>l que aumentou em mais de 200% nos \u00faltimos meses.<\/p>\n\n\n\n<p>O frete de cont\u00eaineres no trecho China x Brasil (Porto de Santos) que girava em torno de US$ 2.500 (R$ 12,9 mil) chegou a patamares at\u00e9 4 vezes maiores que esse valor, de acordo com dados do Shanghai Containerized Freight Index.<\/p>\n\n\n\n<div class=\"wp-block-image\"><figure class=\"alignleft size-large\"><img loading=\"lazy\" decoding=\"async\" width=\"677\" height=\"347\" src=\"https:\/\/pluscargo.com.br\/wp-content\/uploads\/2021\/01\/image002.jpg\" alt=\"\" class=\"wp-image-1984\" srcset=\"https:\/\/pluscargo.com.br\/wp-content\/uploads\/2021\/01\/image002.jpg 677w, https:\/\/pluscargo.com.br\/wp-content\/uploads\/2021\/01\/image002-300x154.jpg 300w\" sizes=\"auto, (max-width: 677px) 100vw, 677px\" \/><figcaption>Gr\u00e1fico com a situa\u00e7\u00e3o dos fretes mar\u00edtimos at\u00e9 final de dezembro\/20<\/figcaption><\/figure><\/div>\n\n\n\n<p><\/p>\n\n\n\n<p>Por conta do desabastecimento da cadeia produtiva registrado neste ano, em fun\u00e7\u00e3o da pandemia de Covid-19, o pre\u00e7o do frete mar\u00edtimo diminuiu no 2\u00ba trimestre de 2020, mas quando voltou a subir, n\u00e3o parou mais.<\/p>\n\n\n\n<p>De acordo com especialistas do setor, o transporte mar\u00edtimo de cont\u00eaineres est\u00e1 sob forte press\u00e3o por esse aumento de pre\u00e7os, por conta do impacto combinado sobre os sistemas de log\u00edstica com capacidade reduzida, devido ao aumento de n\u00fameros de funcion\u00e1rios infectados pelo coronav\u00edrus, quarentenas e regras de distanciamento social, somados \u00e0 disparada na demanda do consumidor e transtornos na produ\u00e7\u00e3o industrial causados pelas quarentenas.<\/p>\n\n\n\n<p>Com a previs\u00e3o da pandemia ainda em crescimento em v\u00e1rios pa\u00edses no in\u00edcio de 2021, \u00e9 previsto que no primeiro semestre a cadeia log\u00edstica ainda seja muito afetada ao redor do mundo, o que deve continuar provocando a falta de cont\u00eaineres e a alta do pre\u00e7o do frete, que vai impactar importadores e exportadores em todo mundo.<\/p>\n\n\n\n<p><strong>A press\u00e3o para a devolu\u00e7\u00e3o dos cont\u00eaineres<\/strong><\/p>\n\n\n\n<p>No in\u00edcio de dezembro, o mercado trabalhava com a expectativa de melhora na situa\u00e7\u00e3o do transporte mar\u00edtimo internacional de mercadorias ap\u00f3s o Ano Chin\u00eas, que em 2021 ser\u00e1 de 11 a 17 de fevereiro.<\/p>\n\n\n\n<p>O que se observa no in\u00edcio de janeiro \u00e9 que, com o an\u00fancio de navios extras para suprir a demanda, j\u00e1 h\u00e1 rumores de quedas nos fretes para janeiro.<\/p>\n\n\n\n<p>Enquanto isso, para pressionar o importador a devolver os cont\u00eaineres aos pa\u00edses de origem o mais r\u00e1pido poss\u00edvel, os armadores est\u00e3o reduzindo os dias livres de estadia de cont\u00eaineres.<\/p>\n\n\n\n<p>O mercado segue observando para saber se essa medida vai trazer redu\u00e7\u00f5es efetivas.<\/p>\n\n\n\n<p><strong>O aumento na demanda \u00e9 uma realidade global e vai continuar impactando o cen\u00e1rio global de log\u00edstica?<\/strong><\/p>\n\n\n\n<p>O mercado est\u00e1 dividido entre opini\u00f5es pessimistas e otimistas em rela\u00e7\u00e3o a situa\u00e7\u00e3o.<\/p>\n\n\n\n<p>Alan Murphy, CEO da provedora de dados e an\u00e1lise Sea-Intelligence, acredita que os problemas de transporte de cargas devem diminuir no primeiro semestre de 2021. <a href=\"https:\/\/www.freightwaves.com\/news\/container-shipping-2021-hangover-or-party-on?utm_source=piano&amp;utm_medium=email&amp;utm_campaign=2631&amp;pnespid=i_lwo6hcGRaNXZhaG7kNxhh3VbgkBpOqwfE.qdir\">Ele tamb\u00e9m aposta que a for\u00e7a da demanda por produtos<\/a> provavelmente n\u00e3o se sustentar\u00e1 se as vacinas contra a covid-19 permitirem que consumidores voltem rapidamente a gastar com servi\u00e7os como viagens e hospitalidade.<\/p>\n\n\n\n<p>J\u00e1 o analista do Deutsche Bank, Amit Mehrotra, acredita que as vendas de produtos devem se manter elevadas, mesmo no cen\u00e1rio de vacinas amplamente distribu\u00eddas. \u00c0 medida que a incerteza econ\u00f4mica diminuiu, \u00e9 poss\u00edvel que haja uma incr\u00edvel libera\u00e7\u00e3o de demanda reprimida.<\/p>\n\n\n\n<p>Em 2021, a Pluscargo Brasil vai acompanhar bem de perto essa movimenta\u00e7\u00e3o e as tend\u00eancias do mercado para trazer novas informa\u00e7\u00f5es que ajudam a tomar melhores decis\u00f5es de neg\u00f3cios em tempos de mudan\u00e7as r\u00e1pidas.<\/p>\n\n\n\n<p>Voc\u00ea tamb\u00e9m pode escutar o conte\u00fado dessa mat\u00e9ria no Spotify:<\/p>\n\n\n\n<figure class=\"wp-block-embed-spotify wp-block-embed is-type-rich is-provider-spotify wp-embed-aspect-21-9 wp-has-aspect-ratio\"><div class=\"wp-block-embed__wrapper\">\n<iframe title=\"Spotify Embed: Situa\u00e7\u00e3o do frete internacional e a falta de cont\u00eaineres em 2021\" style=\"border-radius: 12px\" width=\"100%\" height=\"152\" frameborder=\"0\" allowfullscreen allow=\"autoplay; clipboard-write; encrypted-media; fullscreen; picture-in-picture\" loading=\"lazy\" src=\"https:\/\/open.spotify.com\/embed\/episode\/4NFXpeLpETSxms9SWp9ObZ?si=SnWvKTeVQE-K5BIMa_EW5g&#038;utm_source=oembed\"><\/iframe>\n<\/div><\/figure>\n","protected":false},"excerpt":{"rendered":"<p>Diversos setores da economia est\u00e3o sendo impactados pela alta do frete internacional que aumentou em mais de 200% nos \u00faltimos meses. O frete de cont\u00eaineres no trecho China x Brasil (Porto de Santos) que girava em torno de US$ 2.500 (R$ 12,9 mil) chegou a patamares at\u00e9 4 vezes maiores que esse valor, de acordo [&hellip;]<\/p>\n","protected":false},"author":1,"featured_media":1985,"comment_status":"open","ping_status":"open","sticky":false,"template":"","format":"standard","meta":{"_acf_changed":false,"footnotes":""},"categories":[9],"tags":[48,52,142,19,151,7,27],"class_list":["post-1983","post","type-post","status-publish","format-standard","has-post-thumbnail","hentry","category-novidades","tag-comercio-exterior","tag-comercio-internacional","tag-covid-19","tag-exportacao","tag-frete-maritimo","tag-importacao","tag-pluscargo-brasil"],"acf":[],"yoast_head":"<!-- This site is optimized with the Yoast SEO plugin v27.5 - https:\/\/yoast.com\/product\/yoast-seo-wordpress\/ -->\n<title>A situa\u00e7\u00e3o dos cont\u00eaineres e do frete internacional no in\u00edcio de 2021 - Pluscargo<\/title>\n<meta name=\"description\" content=\"Diversos setores da economia est\u00e3o sendo impactados pela alta do frete internacional e falta de cont\u00eaineres. Saiba como est\u00e1 a situa\u00e7\u00e3o em 21.\" \/>\n<meta name=\"robots\" content=\"index, follow, max-snippet:-1, max-image-preview:large, max-video-preview:-1\" \/>\n<link rel=\"canonical\" href=\"https:\/\/pluscargo.com.br\/en\/situacao-conteineres-frete-2021\/\" \/>\n<meta property=\"og:locale\" content=\"en_US\" \/>\n<meta property=\"og:type\" content=\"article\" \/>\n<meta property=\"og:title\" content=\"A situa\u00e7\u00e3o dos cont\u00eaineres e do frete internacional no in\u00edcio de 2021 - Pluscargo\" \/>\n<meta property=\"og:description\" content=\"Diversos setores da economia est\u00e3o sendo impactados pela alta do frete internacional e falta de cont\u00eaineres. Saiba como est\u00e1 a situa\u00e7\u00e3o em 21.\" \/>\n<meta property=\"og:url\" content=\"https:\/\/pluscargo.com.br\/en\/situacao-conteineres-frete-2021\/\" \/>\n<meta property=\"og:site_name\" content=\"Pluscargo\" \/>\n<meta property=\"article:publisher\" content=\"https:\/\/www.facebook.com\/pluscargobrasil\/\" \/>\n<meta property=\"article:published_time\" content=\"2021-01-05T20:37:53+00:00\" \/>\n<meta property=\"og:image\" content=\"https:\/\/pluscargo.com.br\/wp-content\/uploads\/2021\/01\/Depositphotos_38381933_s-2019.jpg\" \/>\n\t<meta property=\"og:image:width\" content=\"1000\" \/>\n\t<meta property=\"og:image:height\" content=\"668\" \/>\n\t<meta property=\"og:image:type\" content=\"image\/jpeg\" \/>\n<meta name=\"author\" content=\"ishii\" \/>\n<meta name=\"twitter:card\" content=\"summary_large_image\" \/>\n<meta name=\"twitter:label1\" content=\"Written by\" \/>\n\t<meta name=\"twitter:data1\" content=\"ishii\" \/>\n\t<meta name=\"twitter:label2\" content=\"Est. reading time\" \/>\n\t<meta name=\"twitter:data2\" content=\"3 minutes\" \/>\n<script type=\"application\/ld+json\" class=\"yoast-schema-graph\">{\"@context\":\"https:\\\/\\\/schema.org\",\"@graph\":[{\"@type\":\"Article\",\"@id\":\"https:\\\/\\\/pluscargo.com.br\\\/situacao-conteineres-frete-2021\\\/#article\",\"isPartOf\":{\"@id\":\"https:\\\/\\\/pluscargo.com.br\\\/situacao-conteineres-frete-2021\\\/\"},\"author\":{\"name\":\"ishii\",\"@id\":\"https:\\\/\\\/pluscargo.com.br\\\/#\\\/schema\\\/person\\\/b3584103dcf1276e926a66c4d70e477c\"},\"headline\":\"A situa\u00e7\u00e3o dos cont\u00eaineres e do frete internacional no in\u00edcio de 2021\",\"datePublished\":\"2021-01-05T20:37:53+00:00\",\"mainEntityOfPage\":{\"@id\":\"https:\\\/\\\/pluscargo.com.br\\\/situacao-conteineres-frete-2021\\\/\"},\"wordCount\":592,\"commentCount\":0,\"publisher\":{\"@id\":\"https:\\\/\\\/pluscargo.com.br\\\/#organization\"},\"image\":{\"@id\":\"https:\\\/\\\/pluscargo.com.br\\\/situacao-conteineres-frete-2021\\\/#primaryimage\"},\"thumbnailUrl\":\"https:\\\/\\\/pluscargo.com.br\\\/wp-content\\\/uploads\\\/2021\\\/01\\\/Depositphotos_38381933_s-2019.jpg\",\"keywords\":[\"com\u00e9rcio exterior\",\"com\u00e9rcio internacional\",\"covid-19\",\"exporta\u00e7\u00e3o\",\"frete mar\u00edtimo\",\"importa\u00e7\u00e3o\",\"Pluscargo Brasil\"],\"articleSection\":[\"News\"],\"inLanguage\":\"en-US\"},{\"@type\":\"WebPage\",\"@id\":\"https:\\\/\\\/pluscargo.com.br\\\/en\\\/situacao-conteineres-frete-2021\\\/\",\"url\":\"https:\\\/\\\/pluscargo.com.br\\\/en\\\/situacao-conteineres-frete-2021\\\/\",\"name\":\"A situa\u00e7\u00e3o dos cont\u00eaineres e do frete internacional no in\u00edcio de 2021 - Pluscargo\",\"isPartOf\":{\"@id\":\"https:\\\/\\\/pluscargo.com.br\\\/en\\\/#website\"},\"primaryImageOfPage\":{\"@id\":\"https:\\\/\\\/pluscargo.com.br\\\/en\\\/situacao-conteineres-frete-2021\\\/#primaryimage\"},\"image\":{\"@id\":\"https:\\\/\\\/pluscargo.com.br\\\/situacao-conteineres-frete-2021\\\/#primaryimage\"},\"thumbnailUrl\":\"https:\\\/\\\/pluscargo.com.br\\\/wp-content\\\/uploads\\\/2021\\\/01\\\/Depositphotos_38381933_s-2019.jpg\",\"datePublished\":\"2021-01-05T20:37:53+00:00\",\"description\":\"Diversos setores da economia est\u00e3o sendo impactados pela alta do frete internacional e falta de cont\u00eaineres. Saiba como est\u00e1 a situa\u00e7\u00e3o em 21.\",\"inLanguage\":\"en-US\",\"potentialAction\":[{\"@type\":\"ReadAction\",\"target\":[[\"https:\\\/\\\/pluscargo.com.br\\\/en\\\/situacao-conteineres-frete-2021\\\/\"]]}]},{\"@type\":\"ImageObject\",\"inLanguage\":\"en-US\",\"@id\":\"https:\\\/\\\/pluscargo.com.br\\\/en\\\/situacao-conteineres-frete-2021\\\/#primaryimage\",\"url\":\"https:\\\/\\\/pluscargo.com.br\\\/wp-content\\\/uploads\\\/2021\\\/01\\\/Depositphotos_38381933_s-2019.jpg\",\"contentUrl\":\"https:\\\/\\\/pluscargo.com.br\\\/wp-content\\\/uploads\\\/2021\\\/01\\\/Depositphotos_38381933_s-2019.jpg\",\"width\":1000,\"height\":668},{\"@type\":\"WebSite\",\"@id\":\"https:\\\/\\\/pluscargo.com.br\\\/en\\\/#website\",\"url\":\"https:\\\/\\\/pluscargo.com.br\\\/en\\\/\",\"name\":\"Pluscargo\",\"description\":\"A Pluscargo \u00e9 uma empresa do Grupo RAS, o maior ecossistema log\u00edstico da Am\u00e9rica Latina\",\"publisher\":{\"@id\":\"https:\\\/\\\/pluscargo.com.br\\\/en\\\/#organization\"},\"potentialAction\":[{\"@type\":\"SearchAction\",\"target\":{\"@type\":\"EntryPoint\",\"urlTemplate\":\"https:\\\/\\\/pluscargo.com.br\\\/en\\\/?s={search_term_string}\"},\"query-input\":{\"@type\":\"PropertyValueSpecification\",\"valueRequired\":true,\"valueName\":\"search_term_string\"}}],\"inLanguage\":\"en-US\"},{\"@type\":\"Organization\",\"@id\":\"https:\\\/\\\/pluscargo.com.br\\\/en\\\/#organization\",\"name\":\"Pluscargo Brasil\",\"url\":\"https:\\\/\\\/pluscargo.com.br\\\/en\\\/\",\"logo\":{\"@type\":\"ImageObject\",\"inLanguage\":\"en-US\",\"@id\":\"https:\\\/\\\/pluscargo.com.br\\\/en\\\/#\\\/schema\\\/logo\\\/image\\\/\",\"url\":\"https:\\\/\\\/pluscargo.com.br\\\/wp-content\\\/uploads\\\/2019\\\/02\\\/Pluscargo_Logo.png\",\"contentUrl\":\"https:\\\/\\\/pluscargo.com.br\\\/wp-content\\\/uploads\\\/2019\\\/02\\\/Pluscargo_Logo.png\",\"width\":3063,\"height\":518,\"caption\":\"Pluscargo Brasil\"},\"image\":{\"@id\":\"https:\\\/\\\/pluscargo.com.br\\\/en\\\/#\\\/schema\\\/logo\\\/image\\\/\"},\"sameAs\":[\"https:\\\/\\\/www.facebook.com\\\/pluscargobrasil\\\/\",\"https:\\\/\\\/www.instagram.com\\\/pluscargo\\\/\",\"https:\\\/\\\/www.linkedin.com\\\/company\\\/pluscargo-do-brasil-ltda\"]},{\"@type\":\"Person\",\"@id\":\"https:\\\/\\\/pluscargo.com.br\\\/#\\\/schema\\\/person\\\/b3584103dcf1276e926a66c4d70e477c\",\"name\":\"ishii\",\"image\":{\"@type\":\"ImageObject\",\"inLanguage\":\"en-US\",\"@id\":\"https:\\\/\\\/secure.gravatar.com\\\/avatar\\\/bec959663c8c91aca0fc2d5166b649a088c5bdbee9cceb1f835c1f31cd1bf0b1?s=96&d=mm&r=g\",\"url\":\"https:\\\/\\\/secure.gravatar.com\\\/avatar\\\/bec959663c8c91aca0fc2d5166b649a088c5bdbee9cceb1f835c1f31cd1bf0b1?s=96&d=mm&r=g\",\"contentUrl\":\"https:\\\/\\\/secure.gravatar.com\\\/avatar\\\/bec959663c8c91aca0fc2d5166b649a088c5bdbee9cceb1f835c1f31cd1bf0b1?s=96&d=mm&r=g\",\"caption\":\"ishii\"},\"url\":\"https:\\\/\\\/pluscargo.com.br\\\/en\\\/author\\\/ishii\\\/\"}]}<\/script>\n<!-- \/ Yoast SEO plugin. -->","yoast_head_json":{"title":"A situa\u00e7\u00e3o dos cont\u00eaineres e do frete internacional no in\u00edcio de 2021 - Pluscargo","description":"Diversos setores da economia est\u00e3o sendo impactados pela alta do frete internacional e falta de cont\u00eaineres. Saiba como est\u00e1 a situa\u00e7\u00e3o em 21.","robots":{"index":"index","follow":"follow","max-snippet":"max-snippet:-1","max-image-preview":"max-image-preview:large","max-video-preview":"max-video-preview:-1"},"canonical":"https:\/\/pluscargo.com.br\/en\/situacao-conteineres-frete-2021\/","og_locale":"en_US","og_type":"article","og_title":"A situa\u00e7\u00e3o dos cont\u00eaineres e do frete internacional no in\u00edcio de 2021 - Pluscargo","og_description":"Diversos setores da economia est\u00e3o sendo impactados pela alta do frete internacional e falta de cont\u00eaineres. Saiba como est\u00e1 a situa\u00e7\u00e3o em 21.","og_url":"https:\/\/pluscargo.com.br\/en\/situacao-conteineres-frete-2021\/","og_site_name":"Pluscargo","article_publisher":"https:\/\/www.facebook.com\/pluscargobrasil\/","article_published_time":"2021-01-05T20:37:53+00:00","og_image":[{"width":1000,"height":668,"url":"https:\/\/pluscargo.com.br\/wp-content\/uploads\/2021\/01\/Depositphotos_38381933_s-2019.jpg","type":"image\/jpeg"}],"author":"ishii","twitter_card":"summary_large_image","twitter_misc":{"Written by":"ishii","Est. reading time":"3 minutes"},"schema":{"@context":"https:\/\/schema.org","@graph":[{"@type":"Article","@id":"https:\/\/pluscargo.com.br\/situacao-conteineres-frete-2021\/#article","isPartOf":{"@id":"https:\/\/pluscargo.com.br\/situacao-conteineres-frete-2021\/"},"author":{"name":"ishii","@id":"https:\/\/pluscargo.com.br\/#\/schema\/person\/b3584103dcf1276e926a66c4d70e477c"},"headline":"A situa\u00e7\u00e3o dos cont\u00eaineres e do frete internacional no in\u00edcio de 2021","datePublished":"2021-01-05T20:37:53+00:00","mainEntityOfPage":{"@id":"https:\/\/pluscargo.com.br\/situacao-conteineres-frete-2021\/"},"wordCount":592,"commentCount":0,"publisher":{"@id":"https:\/\/pluscargo.com.br\/#organization"},"image":{"@id":"https:\/\/pluscargo.com.br\/situacao-conteineres-frete-2021\/#primaryimage"},"thumbnailUrl":"https:\/\/pluscargo.com.br\/wp-content\/uploads\/2021\/01\/Depositphotos_38381933_s-2019.jpg","keywords":["com\u00e9rcio exterior","com\u00e9rcio internacional","covid-19","exporta\u00e7\u00e3o","frete mar\u00edtimo","importa\u00e7\u00e3o","Pluscargo Brasil"],"articleSection":["News"],"inLanguage":"en-US"},{"@type":"WebPage","@id":"https:\/\/pluscargo.com.br\/en\/situacao-conteineres-frete-2021\/","url":"https:\/\/pluscargo.com.br\/en\/situacao-conteineres-frete-2021\/","name":"A situa\u00e7\u00e3o dos cont\u00eaineres e do frete internacional no in\u00edcio de 2021 - Pluscargo","isPartOf":{"@id":"https:\/\/pluscargo.com.br\/en\/#website"},"primaryImageOfPage":{"@id":"https:\/\/pluscargo.com.br\/en\/situacao-conteineres-frete-2021\/#primaryimage"},"image":{"@id":"https:\/\/pluscargo.com.br\/situacao-conteineres-frete-2021\/#primaryimage"},"thumbnailUrl":"https:\/\/pluscargo.com.br\/wp-content\/uploads\/2021\/01\/Depositphotos_38381933_s-2019.jpg","datePublished":"2021-01-05T20:37:53+00:00","description":"Diversos setores da economia est\u00e3o sendo impactados pela alta do frete internacional e falta de cont\u00eaineres. Saiba como est\u00e1 a situa\u00e7\u00e3o em 21.","inLanguage":"en-US","potentialAction":[{"@type":"ReadAction","target":[["https:\/\/pluscargo.com.br\/en\/situacao-conteineres-frete-2021\/"]]}]},{"@type":"ImageObject","inLanguage":"en-US","@id":"https:\/\/pluscargo.com.br\/en\/situacao-conteineres-frete-2021\/#primaryimage","url":"https:\/\/pluscargo.com.br\/wp-content\/uploads\/2021\/01\/Depositphotos_38381933_s-2019.jpg","contentUrl":"https:\/\/pluscargo.com.br\/wp-content\/uploads\/2021\/01\/Depositphotos_38381933_s-2019.jpg","width":1000,"height":668},{"@type":"WebSite","@id":"https:\/\/pluscargo.com.br\/en\/#website","url":"https:\/\/pluscargo.com.br\/en\/","name":"Pluscargo","description":"A Pluscargo \u00e9 uma empresa do Grupo RAS, o maior ecossistema log\u00edstico da Am\u00e9rica Latina","publisher":{"@id":"https:\/\/pluscargo.com.br\/en\/#organization"},"potentialAction":[{"@type":"SearchAction","target":{"@type":"EntryPoint","urlTemplate":"https:\/\/pluscargo.com.br\/en\/?s={search_term_string}"},"query-input":{"@type":"PropertyValueSpecification","valueRequired":true,"valueName":"search_term_string"}}],"inLanguage":"en-US"},{"@type":"Organization","@id":"https:\/\/pluscargo.com.br\/en\/#organization","name":"Pluscargo Brasil","url":"https:\/\/pluscargo.com.br\/en\/","logo":{"@type":"ImageObject","inLanguage":"en-US","@id":"https:\/\/pluscargo.com.br\/en\/#\/schema\/logo\/image\/","url":"https:\/\/pluscargo.com.br\/wp-content\/uploads\/2019\/02\/Pluscargo_Logo.png","contentUrl":"https:\/\/pluscargo.com.br\/wp-content\/uploads\/2019\/02\/Pluscargo_Logo.png","width":3063,"height":518,"caption":"Pluscargo Brasil"},"image":{"@id":"https:\/\/pluscargo.com.br\/en\/#\/schema\/logo\/image\/"},"sameAs":["https:\/\/www.facebook.com\/pluscargobrasil\/","https:\/\/www.instagram.com\/pluscargo\/","https:\/\/www.linkedin.com\/company\/pluscargo-do-brasil-ltda"]},{"@type":"Person","@id":"https:\/\/pluscargo.com.br\/#\/schema\/person\/b3584103dcf1276e926a66c4d70e477c","name":"ishii","image":{"@type":"ImageObject","inLanguage":"en-US","@id":"https:\/\/secure.gravatar.com\/avatar\/bec959663c8c91aca0fc2d5166b649a088c5bdbee9cceb1f835c1f31cd1bf0b1?s=96&d=mm&r=g","url":"https:\/\/secure.gravatar.com\/avatar\/bec959663c8c91aca0fc2d5166b649a088c5bdbee9cceb1f835c1f31cd1bf0b1?s=96&d=mm&r=g","contentUrl":"https:\/\/secure.gravatar.com\/avatar\/bec959663c8c91aca0fc2d5166b649a088c5bdbee9cceb1f835c1f31cd1bf0b1?s=96&d=mm&r=g","caption":"ishii"},"url":"https:\/\/pluscargo.com.br\/en\/author\/ishii\/"}]}},"_links":{"self":[{"href":"https:\/\/pluscargo.com.br\/en\/wp-json\/wp\/v2\/posts\/1983","targetHints":{"allow":["GET"]}}],"collection":[{"href":"https:\/\/pluscargo.com.br\/en\/wp-json\/wp\/v2\/posts"}],"about":[{"href":"https:\/\/pluscargo.com.br\/en\/wp-json\/wp\/v2\/types\/post"}],"author":[{"embeddable":true,"href":"https:\/\/pluscargo.com.br\/en\/wp-json\/wp\/v2\/users\/1"}],"replies":[{"embeddable":true,"href":"https:\/\/pluscargo.com.br\/en\/wp-json\/wp\/v2\/comments?post=1983"}],"version-history":[{"count":0,"href":"https:\/\/pluscargo.com.br\/en\/wp-json\/wp\/v2\/posts\/1983\/revisions"}],"wp:featuredmedia":[{"embeddable":true,"href":"https:\/\/pluscargo.com.br\/en\/wp-json\/wp\/v2\/media\/1985"}],"wp:attachment":[{"href":"https:\/\/pluscargo.com.br\/en\/wp-json\/wp\/v2\/media?parent=1983"}],"wp:term":[{"taxonomy":"category","embeddable":true,"href":"https:\/\/pluscargo.com.br\/en\/wp-json\/wp\/v2\/categories?post=1983"},{"taxonomy":"post_tag","embeddable":true,"href":"https:\/\/pluscargo.com.br\/en\/wp-json\/wp\/v2\/tags?post=1983"}],"curies":[{"name":"wp","href":"https:\/\/api.w.org\/{rel}","templated":true}]}}