{"id":2094,"date":"2021-03-12T14:03:31","date_gmt":"2021-03-12T17:03:31","guid":{"rendered":"https:\/\/pluscargo.com.br\/?p=2094"},"modified":"2021-03-12T14:03:31","modified_gmt":"2021-03-12T17:03:31","slug":"saiba-como-atrasos-na-liberacao-de-carga-em-guarulhos-comprometem-servicos","status":"publish","type":"post","link":"https:\/\/pluscargo.com.br\/en\/saiba-como-atrasos-na-liberacao-de-carga-em-guarulhos-comprometem-servicos\/","title":{"rendered":"Saiba como os atrasos na libera\u00e7\u00e3o de carga em Guarulhos comprometem servi\u00e7os"},"content":{"rendered":"\n<p>Guarulhos e Viracopos, os dois maiores aeroportos cargueiros do Brasil, registraram aumento significativo na movimenta\u00e7\u00e3o de mercadorias no in\u00edcio de 2021. As consequ\u00eancias s\u00e3o atrasos na libera\u00e7\u00e3o de carga e lota\u00e7\u00e3o nos terminais, segundo o alerta da SINDASP \u2013 Sindicato dos Despachantes Aduaneiros de S\u00e3o Paulo.<\/p>\n\n\n\n<p>O crescimento do volume nos aeroportos ocorreu devido ao fechamento de fronteiras em todo o mundo por conta da pandemia. Com isso, houve uma queda na oferta de voos e diminui\u00e7\u00e3o da capacidade de transporte de carga em avi\u00e3o de passageiros.<\/p>\n\n\n\n<p>Em janeiro, o aeroporto de Viracopos registrou alta de 36,8% de importa\u00e7\u00e3o em rela\u00e7\u00e3o ao mesmo m\u00eas em 2020, com um total de 10,9 mil toneladas transportadas. J\u00e1 a exporta\u00e7\u00e3o registrou um crescimento de 63,9% em compara\u00e7\u00e3o com os dados de janeiro do ano passado, totalizando 5,8 mil toneladas de mercadorias.<\/p>\n\n\n\n<p>A GRU Airport, concession\u00e1ria que administra o aeroporto, divulgou medidas emergenciais, que ainda n\u00e3o obtiveram os resultados esperados.<\/p>\n\n\n\n<p>Saiba os principais problemas identificados nos armaz\u00e9ns de importa\u00e7\u00e3o e exporta\u00e7\u00e3o:\u00a0<br>\u00a0<br><strong>ARMAZ\u00c9M DE EXPORTA\u00c7\u00c3O<\/strong><\/p>\n\n\n\n<ul class=\"wp-block-list\"><li>Atraso no agendamento de recebimento das cargas;<\/li><li>Atraso na entrega das cargas para as Companhias A\u00e9reas;<\/li><li>Cargas n\u00e3o localizadas no armaz\u00e9m de exporta\u00e7\u00e3o.<\/li><\/ul>\n\n\n\n<p><strong>ARMAZ\u00c9M DE IMPORTA\u00c7\u00c3O<\/strong><\/p>\n\n\n\n<ul class=\"wp-block-list\"><li>Atraca\u00e7\u00e3o &#8211; atraso de mais de 24 horas, sem considerar finais de semana;<\/li><li>Atrasos nas informa\u00e7\u00f5es do Mantra, de presen\u00e7a de&nbsp;cargas e outros do g\u00eanero;<\/li><li>Problemas no armazenamento, resultando em demora de at\u00e9 5 horas para o c\u00e1lculo de armazenagens;<\/li><li>Cargas n\u00e3o localizadas no armaz\u00e9m de importa\u00e7\u00e3o;<\/li><li>N\u00e3o h\u00e1 hor\u00e1rios para agendamento no sistema CMS;<\/li><li>Atraso m\u00e9dio de 12 horas na entrega e libera\u00e7\u00e3o das cargas agendadas.<\/li><\/ul>\n","protected":false},"excerpt":{"rendered":"<p>Guarulhos e Viracopos, os dois maiores aeroportos cargueiros do Brasil, registraram aumento significativo na movimenta\u00e7\u00e3o de mercadorias no in\u00edcio de 2021. As consequ\u00eancias s\u00e3o atrasos na libera\u00e7\u00e3o de carga e lota\u00e7\u00e3o nos terminais, segundo o alerta da SINDASP \u2013 Sindicato dos Despachantes Aduaneiros de S\u00e3o Paulo. O crescimento do volume nos aeroportos ocorreu devido ao [&hellip;]<\/p>\n","protected":false},"author":2,"featured_media":2095,"comment_status":"open","ping_status":"open","sticky":false,"template":"","format":"standard","meta":{"_acf_changed":false,"footnotes":""},"categories":[77],"tags":[44,48,19,7,8],"class_list":["post-2094","post","type-post","status-publish","format-standard","has-post-thumbnail","hentry","category-aereo","tag-aeroporto","tag-comercio-exterior","tag-exportacao","tag-importacao","tag-logistica-internacional"],"acf":[],"yoast_head":"<!-- This site is optimized with the Yoast SEO plugin v27.5 - https:\/\/yoast.com\/product\/yoast-seo-wordpress\/ -->\n<title>Saiba como os atrasos na libera\u00e7\u00e3o de carga em Guarulhos comprometem servi\u00e7os - Pluscargo<\/title>\n<meta name=\"description\" content=\"Guarulhos e Viracopos registraram aumento significativo na movimenta\u00e7\u00e3o de mercadorias, gerando atrasos na libera\u00e7\u00e3o de carga e lota\u00e7\u00e3o nos terminais.\" \/>\n<meta name=\"robots\" content=\"index, follow, max-snippet:-1, max-image-preview:large, max-video-preview:-1\" \/>\n<link rel=\"canonical\" href=\"https:\/\/pluscargo.com.br\/en\/saiba-como-atrasos-na-liberacao-de-carga-em-guarulhos-comprometem-servicos\/\" \/>\n<meta property=\"og:locale\" content=\"en_US\" \/>\n<meta property=\"og:type\" content=\"article\" \/>\n<meta property=\"og:title\" content=\"Saiba como os atrasos na libera\u00e7\u00e3o de carga em Guarulhos comprometem servi\u00e7os - Pluscargo\" \/>\n<meta property=\"og:description\" content=\"Guarulhos e Viracopos registraram aumento significativo na movimenta\u00e7\u00e3o de mercadorias, gerando atrasos na libera\u00e7\u00e3o de carga e lota\u00e7\u00e3o nos terminais.\" \/>\n<meta property=\"og:url\" content=\"https:\/\/pluscargo.com.br\/en\/saiba-como-atrasos-na-liberacao-de-carga-em-guarulhos-comprometem-servicos\/\" \/>\n<meta property=\"og:site_name\" content=\"Pluscargo\" \/>\n<meta property=\"article:publisher\" content=\"https:\/\/www.facebook.com\/pluscargobrasil\/\" \/>\n<meta property=\"article:published_time\" content=\"2021-03-12T17:03:31+00:00\" \/>\n<meta property=\"og:image\" content=\"https:\/\/pluscargo.com.br\/wp-content\/uploads\/2021\/03\/20210311_Atraso-carga-Guarulhor_site.png\" \/>\n\t<meta property=\"og:image:width\" content=\"1280\" \/>\n\t<meta property=\"og:image:height\" content=\"720\" \/>\n\t<meta property=\"og:image:type\" content=\"image\/png\" \/>\n<meta name=\"author\" content=\"Patricia Bar\u00e3o\" \/>\n<meta name=\"twitter:card\" content=\"summary_large_image\" \/>\n<meta name=\"twitter:label1\" content=\"Written by\" \/>\n\t<meta name=\"twitter:data1\" content=\"Patricia Bar\u00e3o\" \/>\n\t<meta name=\"twitter:label2\" content=\"Est. reading time\" \/>\n\t<meta name=\"twitter:data2\" content=\"1 minute\" \/>\n<script type=\"application\/ld+json\" class=\"yoast-schema-graph\">{\"@context\":\"https:\\\/\\\/schema.org\",\"@graph\":[{\"@type\":\"Article\",\"@id\":\"https:\\\/\\\/pluscargo.com.br\\\/saiba-como-atrasos-na-liberacao-de-carga-em-guarulhos-comprometem-servicos\\\/#article\",\"isPartOf\":{\"@id\":\"https:\\\/\\\/pluscargo.com.br\\\/saiba-como-atrasos-na-liberacao-de-carga-em-guarulhos-comprometem-servicos\\\/\"},\"author\":{\"name\":\"Patricia Bar\u00e3o\",\"@id\":\"https:\\\/\\\/pluscargo.com.br\\\/#\\\/schema\\\/person\\\/823aef0643611f95b501442c8e899668\"},\"headline\":\"Saiba como os atrasos na libera\u00e7\u00e3o de carga em Guarulhos comprometem servi\u00e7os\",\"datePublished\":\"2021-03-12T17:03:31+00:00\",\"mainEntityOfPage\":{\"@id\":\"https:\\\/\\\/pluscargo.com.br\\\/saiba-como-atrasos-na-liberacao-de-carga-em-guarulhos-comprometem-servicos\\\/\"},\"wordCount\":308,\"commentCount\":0,\"publisher\":{\"@id\":\"https:\\\/\\\/pluscargo.com.br\\\/#organization\"},\"image\":{\"@id\":\"https:\\\/\\\/pluscargo.com.br\\\/saiba-como-atrasos-na-liberacao-de-carga-em-guarulhos-comprometem-servicos\\\/#primaryimage\"},\"thumbnailUrl\":\"https:\\\/\\\/pluscargo.com.br\\\/wp-content\\\/uploads\\\/2021\\\/03\\\/20210311_Atraso-carga-Guarulhor_site.png\",\"keywords\":[\"aeroporto\",\"com\u00e9rcio exterior\",\"exporta\u00e7\u00e3o\",\"importa\u00e7\u00e3o\",\"log\u00edstica internacional\"],\"articleSection\":[\"A\u00e9reo\"],\"inLanguage\":\"en-US\"},{\"@type\":\"WebPage\",\"@id\":\"https:\\\/\\\/pluscargo.com.br\\\/en\\\/saiba-como-atrasos-na-liberacao-de-carga-em-guarulhos-comprometem-servicos\\\/\",\"url\":\"https:\\\/\\\/pluscargo.com.br\\\/en\\\/saiba-como-atrasos-na-liberacao-de-carga-em-guarulhos-comprometem-servicos\\\/\",\"name\":\"Saiba como os atrasos na libera\u00e7\u00e3o de carga em Guarulhos comprometem servi\u00e7os - Pluscargo\",\"isPartOf\":{\"@id\":\"https:\\\/\\\/pluscargo.com.br\\\/en\\\/#website\"},\"primaryImageOfPage\":{\"@id\":\"https:\\\/\\\/pluscargo.com.br\\\/en\\\/saiba-como-atrasos-na-liberacao-de-carga-em-guarulhos-comprometem-servicos\\\/#primaryimage\"},\"image\":{\"@id\":\"https:\\\/\\\/pluscargo.com.br\\\/saiba-como-atrasos-na-liberacao-de-carga-em-guarulhos-comprometem-servicos\\\/#primaryimage\"},\"thumbnailUrl\":\"https:\\\/\\\/pluscargo.com.br\\\/wp-content\\\/uploads\\\/2021\\\/03\\\/20210311_Atraso-carga-Guarulhor_site.png\",\"datePublished\":\"2021-03-12T17:03:31+00:00\",\"description\":\"Guarulhos e Viracopos registraram aumento significativo na movimenta\u00e7\u00e3o de mercadorias, gerando atrasos na libera\u00e7\u00e3o de carga e lota\u00e7\u00e3o nos terminais.\",\"inLanguage\":\"en-US\",\"potentialAction\":[{\"@type\":\"ReadAction\",\"target\":[[\"https:\\\/\\\/pluscargo.com.br\\\/en\\\/saiba-como-atrasos-na-liberacao-de-carga-em-guarulhos-comprometem-servicos\\\/\"]]}]},{\"@type\":\"ImageObject\",\"inLanguage\":\"en-US\",\"@id\":\"https:\\\/\\\/pluscargo.com.br\\\/en\\\/saiba-como-atrasos-na-liberacao-de-carga-em-guarulhos-comprometem-servicos\\\/#primaryimage\",\"url\":\"https:\\\/\\\/pluscargo.com.br\\\/wp-content\\\/uploads\\\/2021\\\/03\\\/20210311_Atraso-carga-Guarulhor_site.png\",\"contentUrl\":\"https:\\\/\\\/pluscargo.com.br\\\/wp-content\\\/uploads\\\/2021\\\/03\\\/20210311_Atraso-carga-Guarulhor_site.png\",\"width\":1280,\"height\":720},{\"@type\":\"WebSite\",\"@id\":\"https:\\\/\\\/pluscargo.com.br\\\/en\\\/#website\",\"url\":\"https:\\\/\\\/pluscargo.com.br\\\/en\\\/\",\"name\":\"Pluscargo\",\"description\":\"A Pluscargo \u00e9 uma empresa do Grupo RAS, o maior ecossistema log\u00edstico da Am\u00e9rica Latina\",\"publisher\":{\"@id\":\"https:\\\/\\\/pluscargo.com.br\\\/en\\\/#organization\"},\"potentialAction\":[{\"@type\":\"SearchAction\",\"target\":{\"@type\":\"EntryPoint\",\"urlTemplate\":\"https:\\\/\\\/pluscargo.com.br\\\/en\\\/?s={search_term_string}\"},\"query-input\":{\"@type\":\"PropertyValueSpecification\",\"valueRequired\":true,\"valueName\":\"search_term_string\"}}],\"inLanguage\":\"en-US\"},{\"@type\":\"Organization\",\"@id\":\"https:\\\/\\\/pluscargo.com.br\\\/en\\\/#organization\",\"name\":\"Pluscargo Brasil\",\"url\":\"https:\\\/\\\/pluscargo.com.br\\\/en\\\/\",\"logo\":{\"@type\":\"ImageObject\",\"inLanguage\":\"en-US\",\"@id\":\"https:\\\/\\\/pluscargo.com.br\\\/en\\\/#\\\/schema\\\/logo\\\/image\\\/\",\"url\":\"https:\\\/\\\/pluscargo.com.br\\\/wp-content\\\/uploads\\\/2019\\\/02\\\/Pluscargo_Logo.png\",\"contentUrl\":\"https:\\\/\\\/pluscargo.com.br\\\/wp-content\\\/uploads\\\/2019\\\/02\\\/Pluscargo_Logo.png\",\"width\":3063,\"height\":518,\"caption\":\"Pluscargo Brasil\"},\"image\":{\"@id\":\"https:\\\/\\\/pluscargo.com.br\\\/en\\\/#\\\/schema\\\/logo\\\/image\\\/\"},\"sameAs\":[\"https:\\\/\\\/www.facebook.com\\\/pluscargobrasil\\\/\",\"https:\\\/\\\/www.instagram.com\\\/pluscargo\\\/\",\"https:\\\/\\\/www.linkedin.com\\\/company\\\/pluscargo-do-brasil-ltda\"]},{\"@type\":\"Person\",\"@id\":\"https:\\\/\\\/pluscargo.com.br\\\/#\\\/schema\\\/person\\\/823aef0643611f95b501442c8e899668\",\"name\":\"Patricia Bar\u00e3o\",\"image\":{\"@type\":\"ImageObject\",\"inLanguage\":\"en-US\",\"@id\":\"https:\\\/\\\/secure.gravatar.com\\\/avatar\\\/3494dbde84fcb1f8f0da772094ccf26c5ce8eaf1d167b8835ffc8f82efe4b83b?s=96&d=mm&r=g\",\"url\":\"https:\\\/\\\/secure.gravatar.com\\\/avatar\\\/3494dbde84fcb1f8f0da772094ccf26c5ce8eaf1d167b8835ffc8f82efe4b83b?s=96&d=mm&r=g\",\"contentUrl\":\"https:\\\/\\\/secure.gravatar.com\\\/avatar\\\/3494dbde84fcb1f8f0da772094ccf26c5ce8eaf1d167b8835ffc8f82efe4b83b?s=96&d=mm&r=g\",\"caption\":\"Patricia Bar\u00e3o\"},\"url\":\"https:\\\/\\\/pluscargo.com.br\\\/en\\\/author\\\/patriciabarao\\\/\"}]}<\/script>\n<!-- \/ Yoast SEO plugin. -->","yoast_head_json":{"title":"Saiba como os atrasos na libera\u00e7\u00e3o de carga em Guarulhos comprometem servi\u00e7os - Pluscargo","description":"Guarulhos e Viracopos registraram aumento significativo na movimenta\u00e7\u00e3o de mercadorias, gerando atrasos na libera\u00e7\u00e3o de carga e lota\u00e7\u00e3o nos terminais.","robots":{"index":"index","follow":"follow","max-snippet":"max-snippet:-1","max-image-preview":"max-image-preview:large","max-video-preview":"max-video-preview:-1"},"canonical":"https:\/\/pluscargo.com.br\/en\/saiba-como-atrasos-na-liberacao-de-carga-em-guarulhos-comprometem-servicos\/","og_locale":"en_US","og_type":"article","og_title":"Saiba como os atrasos na libera\u00e7\u00e3o de carga em Guarulhos comprometem servi\u00e7os - Pluscargo","og_description":"Guarulhos e Viracopos registraram aumento significativo na movimenta\u00e7\u00e3o de mercadorias, gerando atrasos na libera\u00e7\u00e3o de carga e lota\u00e7\u00e3o nos terminais.","og_url":"https:\/\/pluscargo.com.br\/en\/saiba-como-atrasos-na-liberacao-de-carga-em-guarulhos-comprometem-servicos\/","og_site_name":"Pluscargo","article_publisher":"https:\/\/www.facebook.com\/pluscargobrasil\/","article_published_time":"2021-03-12T17:03:31+00:00","og_image":[{"width":1280,"height":720,"url":"https:\/\/pluscargo.com.br\/wp-content\/uploads\/2021\/03\/20210311_Atraso-carga-Guarulhor_site.png","type":"image\/png"}],"author":"Patricia Bar\u00e3o","twitter_card":"summary_large_image","twitter_misc":{"Written by":"Patricia Bar\u00e3o","Est. reading time":"1 minute"},"schema":{"@context":"https:\/\/schema.org","@graph":[{"@type":"Article","@id":"https:\/\/pluscargo.com.br\/saiba-como-atrasos-na-liberacao-de-carga-em-guarulhos-comprometem-servicos\/#article","isPartOf":{"@id":"https:\/\/pluscargo.com.br\/saiba-como-atrasos-na-liberacao-de-carga-em-guarulhos-comprometem-servicos\/"},"author":{"name":"Patricia Bar\u00e3o","@id":"https:\/\/pluscargo.com.br\/#\/schema\/person\/823aef0643611f95b501442c8e899668"},"headline":"Saiba como os atrasos na libera\u00e7\u00e3o de carga em Guarulhos comprometem servi\u00e7os","datePublished":"2021-03-12T17:03:31+00:00","mainEntityOfPage":{"@id":"https:\/\/pluscargo.com.br\/saiba-como-atrasos-na-liberacao-de-carga-em-guarulhos-comprometem-servicos\/"},"wordCount":308,"commentCount":0,"publisher":{"@id":"https:\/\/pluscargo.com.br\/#organization"},"image":{"@id":"https:\/\/pluscargo.com.br\/saiba-como-atrasos-na-liberacao-de-carga-em-guarulhos-comprometem-servicos\/#primaryimage"},"thumbnailUrl":"https:\/\/pluscargo.com.br\/wp-content\/uploads\/2021\/03\/20210311_Atraso-carga-Guarulhor_site.png","keywords":["aeroporto","com\u00e9rcio exterior","exporta\u00e7\u00e3o","importa\u00e7\u00e3o","log\u00edstica internacional"],"articleSection":["A\u00e9reo"],"inLanguage":"en-US"},{"@type":"WebPage","@id":"https:\/\/pluscargo.com.br\/en\/saiba-como-atrasos-na-liberacao-de-carga-em-guarulhos-comprometem-servicos\/","url":"https:\/\/pluscargo.com.br\/en\/saiba-como-atrasos-na-liberacao-de-carga-em-guarulhos-comprometem-servicos\/","name":"Saiba como os atrasos na libera\u00e7\u00e3o de carga em Guarulhos comprometem servi\u00e7os - Pluscargo","isPartOf":{"@id":"https:\/\/pluscargo.com.br\/en\/#website"},"primaryImageOfPage":{"@id":"https:\/\/pluscargo.com.br\/en\/saiba-como-atrasos-na-liberacao-de-carga-em-guarulhos-comprometem-servicos\/#primaryimage"},"image":{"@id":"https:\/\/pluscargo.com.br\/saiba-como-atrasos-na-liberacao-de-carga-em-guarulhos-comprometem-servicos\/#primaryimage"},"thumbnailUrl":"https:\/\/pluscargo.com.br\/wp-content\/uploads\/2021\/03\/20210311_Atraso-carga-Guarulhor_site.png","datePublished":"2021-03-12T17:03:31+00:00","description":"Guarulhos e Viracopos registraram aumento significativo na movimenta\u00e7\u00e3o de mercadorias, gerando atrasos na libera\u00e7\u00e3o de carga e lota\u00e7\u00e3o nos terminais.","inLanguage":"en-US","potentialAction":[{"@type":"ReadAction","target":[["https:\/\/pluscargo.com.br\/en\/saiba-como-atrasos-na-liberacao-de-carga-em-guarulhos-comprometem-servicos\/"]]}]},{"@type":"ImageObject","inLanguage":"en-US","@id":"https:\/\/pluscargo.com.br\/en\/saiba-como-atrasos-na-liberacao-de-carga-em-guarulhos-comprometem-servicos\/#primaryimage","url":"https:\/\/pluscargo.com.br\/wp-content\/uploads\/2021\/03\/20210311_Atraso-carga-Guarulhor_site.png","contentUrl":"https:\/\/pluscargo.com.br\/wp-content\/uploads\/2021\/03\/20210311_Atraso-carga-Guarulhor_site.png","width":1280,"height":720},{"@type":"WebSite","@id":"https:\/\/pluscargo.com.br\/en\/#website","url":"https:\/\/pluscargo.com.br\/en\/","name":"Pluscargo","description":"A Pluscargo \u00e9 uma empresa do Grupo RAS, o maior ecossistema log\u00edstico da Am\u00e9rica Latina","publisher":{"@id":"https:\/\/pluscargo.com.br\/en\/#organization"},"potentialAction":[{"@type":"SearchAction","target":{"@type":"EntryPoint","urlTemplate":"https:\/\/pluscargo.com.br\/en\/?s={search_term_string}"},"query-input":{"@type":"PropertyValueSpecification","valueRequired":true,"valueName":"search_term_string"}}],"inLanguage":"en-US"},{"@type":"Organization","@id":"https:\/\/pluscargo.com.br\/en\/#organization","name":"Pluscargo Brasil","url":"https:\/\/pluscargo.com.br\/en\/","logo":{"@type":"ImageObject","inLanguage":"en-US","@id":"https:\/\/pluscargo.com.br\/en\/#\/schema\/logo\/image\/","url":"https:\/\/pluscargo.com.br\/wp-content\/uploads\/2019\/02\/Pluscargo_Logo.png","contentUrl":"https:\/\/pluscargo.com.br\/wp-content\/uploads\/2019\/02\/Pluscargo_Logo.png","width":3063,"height":518,"caption":"Pluscargo Brasil"},"image":{"@id":"https:\/\/pluscargo.com.br\/en\/#\/schema\/logo\/image\/"},"sameAs":["https:\/\/www.facebook.com\/pluscargobrasil\/","https:\/\/www.instagram.com\/pluscargo\/","https:\/\/www.linkedin.com\/company\/pluscargo-do-brasil-ltda"]},{"@type":"Person","@id":"https:\/\/pluscargo.com.br\/#\/schema\/person\/823aef0643611f95b501442c8e899668","name":"Patricia Bar\u00e3o","image":{"@type":"ImageObject","inLanguage":"en-US","@id":"https:\/\/secure.gravatar.com\/avatar\/3494dbde84fcb1f8f0da772094ccf26c5ce8eaf1d167b8835ffc8f82efe4b83b?s=96&d=mm&r=g","url":"https:\/\/secure.gravatar.com\/avatar\/3494dbde84fcb1f8f0da772094ccf26c5ce8eaf1d167b8835ffc8f82efe4b83b?s=96&d=mm&r=g","contentUrl":"https:\/\/secure.gravatar.com\/avatar\/3494dbde84fcb1f8f0da772094ccf26c5ce8eaf1d167b8835ffc8f82efe4b83b?s=96&d=mm&r=g","caption":"Patricia Bar\u00e3o"},"url":"https:\/\/pluscargo.com.br\/en\/author\/patriciabarao\/"}]}},"_links":{"self":[{"href":"https:\/\/pluscargo.com.br\/en\/wp-json\/wp\/v2\/posts\/2094","targetHints":{"allow":["GET"]}}],"collection":[{"href":"https:\/\/pluscargo.com.br\/en\/wp-json\/wp\/v2\/posts"}],"about":[{"href":"https:\/\/pluscargo.com.br\/en\/wp-json\/wp\/v2\/types\/post"}],"author":[{"embeddable":true,"href":"https:\/\/pluscargo.com.br\/en\/wp-json\/wp\/v2\/users\/2"}],"replies":[{"embeddable":true,"href":"https:\/\/pluscargo.com.br\/en\/wp-json\/wp\/v2\/comments?post=2094"}],"version-history":[{"count":0,"href":"https:\/\/pluscargo.com.br\/en\/wp-json\/wp\/v2\/posts\/2094\/revisions"}],"wp:featuredmedia":[{"embeddable":true,"href":"https:\/\/pluscargo.com.br\/en\/wp-json\/wp\/v2\/media\/2095"}],"wp:attachment":[{"href":"https:\/\/pluscargo.com.br\/en\/wp-json\/wp\/v2\/media?parent=2094"}],"wp:term":[{"taxonomy":"category","embeddable":true,"href":"https:\/\/pluscargo.com.br\/en\/wp-json\/wp\/v2\/categories?post=2094"},{"taxonomy":"post_tag","embeddable":true,"href":"https:\/\/pluscargo.com.br\/en\/wp-json\/wp\/v2\/tags?post=2094"}],"curies":[{"name":"wp","href":"https:\/\/api.w.org\/{rel}","templated":true}]}}