{"id":2156,"date":"2021-04-16T11:40:57","date_gmt":"2021-04-16T14:40:57","guid":{"rendered":"https:\/\/pluscargo.com.br\/?p=2156"},"modified":"2021-04-16T11:40:57","modified_gmt":"2021-04-16T14:40:57","slug":"cenario-de-comercio-exterior-1a-quinzena-de-abril","status":"publish","type":"post","link":"https:\/\/pluscargo.com.br\/en\/cenario-de-comercio-exterior-1a-quinzena-de-abril\/","title":{"rendered":"Cen\u00e1rio de Com\u00e9rcio Exterior \u2013 1\u00aa quinzena de abril"},"content":{"rendered":"\n<p>A corrente de com\u00e9rcio (soma das exporta\u00e7\u00f5es e importa\u00e7\u00f5es) do Brasil cresceu 20,6% no primeiro trimestre de 2021, atingindo US$ 109,62 bilh\u00f5es. As exporta\u00e7\u00f5es cresceram 16,8% no acumulado do ano e somaram US$ 55,63 bilh\u00f5es, enquanto as importa\u00e7\u00f5es subiram 24,8% e totalizaram US$ 53,99 bilh\u00f5es.<\/p>\n\n\n\n<p>Com esse resultado, a Secex divulgou novas previs\u00f5es para 2021, com expectativa de aumento de 27% nas exporta\u00e7\u00f5es, chegando a US$ 266,6 bilh\u00f5es, e de 11,6% nas importa\u00e7\u00f5es, com US$ 177,2 bilh\u00f5es.<\/p>\n\n\n\n<p>Enquanto isso, a Organiza\u00e7\u00e3o Mundial do Com\u00e9rcio (OMC) projetou recentemente um crescimento de 8% para o com\u00e9rcio mundial de mercadorias, superior \u00e0 previs\u00e3o de 7,2% feita anteriormente pela institui\u00e7\u00e3o.<\/p>\n\n\n\n<p>Na avalia\u00e7\u00e3o da OMC, o com\u00e9rcio internacional est\u00e1 pronto para uma retomada mais robusta ap\u00f3s superar o choque causado pela Covid-19 \u00e0 economia mundial.<\/p>\n\n\n\n<p>As perspectivas da economia mundial s\u00e3o muito favor\u00e1veis para as exporta\u00e7\u00f5es brasileiras. H\u00e1 uma nova e expressiva alta no mercado internacional de alguns dos principais itens da pauta de exporta\u00e7\u00f5es do Pa\u00eds. Algumas das economias que mais demandam produtos brasileiros devem crescer em ritmo intenso. A da China deve liderar a expans\u00e3o das principais economias do mundo neste ano. A dos Estados Unidos poder\u00e1 ser fortemente estimulada pelo pacote anunciado pelo presidente Joe Biden.<\/p>\n\n\n\n<p>Como o de outros segmentos, o desempenho da balan\u00e7a comercial est\u00e1 condicionado \u00e0 evolu\u00e7\u00e3o da vacina\u00e7\u00e3o aqui e no exterior e \u00e0 capacidade dos governos de conter a expans\u00e3o das novas variantes do coronav\u00edrus.<\/p>\n\n\n\n<p>Apesar do otimismo do cen\u00e1rio, como manter as opera\u00e7\u00f5es com o suporte necess\u00e1rio para a alta demanda, enquanto o com\u00e9rcio global continua enfrentando dificuldades por conta da pandemia?<\/p>\n\n\n\n<p><strong>Os principais pontos de aten\u00e7\u00e3o nas fronteiras da Am\u00e9rica do Sul para o in\u00edcio de abril:<\/strong><\/p>\n\n\n\n<p>A Argentina apresentou um novo decreto para locomo\u00e7\u00e3o no pa\u00eds, que atinge principalmente o transporte rodovi\u00e1rio internacional. O texto exige a apresenta\u00e7\u00e3o de testes RT-PCR ou imuniza\u00e7\u00e3o contra a Covid-19 para que os caminhoneiros possam atravessar a ponte.<\/p>\n\n\n\n<p>Representantes do setor alegam que a medida poder\u00e1 gerar um colapso geral no tr\u00e2nsito de mercadorias com os principais parceiros comerciais do Mercosul.<\/p>\n\n\n\n<p>Uma exig\u00eancia id\u00eantica passou a vigorar&nbsp;no in\u00edcio do m\u00eas, na fronteira do Chile. O Minist\u00e9rio da Sa\u00fade chileno definiu novas medidas sanit\u00e1rias com a exig\u00eancia de apresenta\u00e7\u00e3o de resultado negativos do teste RT-PCR para todos os motoristas que ingressem no seu territ\u00f3rio, via terrestre, com no m\u00e1ximo 72h de anteced\u00eancia. Desde ent\u00e3o, as cargas est\u00e3o sendo represadas, aguardando negocia\u00e7\u00f5es entre os Minist\u00e9rios de Rela\u00e7\u00f5es Exteriores, ainda sem avan\u00e7os.<\/p>\n\n\n\n<p>A realiza\u00e7\u00e3o dessa exig\u00eancia requer uma infraestrutura n\u00e3o dispon\u00edvel nas fronteiras sem um planejamento antecipado, al\u00e9m do aumento consider\u00e1vel do custo da exporta\u00e7\u00e3o brasileira e do tempo necess\u00e1rio para a sua efetiva\u00e7\u00e3o.<\/p>\n\n\n\n<p>A Bol\u00edvia prorrogou o fechamento da fronteira com o Brasil por mais 7 dias, devido ao receio da entrada da variante brasileira P1 e o aumento de casos de Covid-19, j\u00e1 que as cidades na regi\u00e3o de fronteira n\u00e3o possuem estrutura de leitos de UTI.<\/p>\n\n\n\n<p>A fronteira deve permanecer fechada at\u00e9 sexta-feira (16) com janelas de hor\u00e1rios em que a passagem estar\u00e1 permitida somente entre os munic\u00edpios fronteiri\u00e7os, n\u00e3o prejudicando o transporte de cargas.<\/p>\n\n\n\n<p><strong>Transporte a\u00e9reo<\/strong><\/p>\n\n\n\n<p>Apesar das restri\u00e7\u00f5es a viajantes brasileiros aumentarem no in\u00edcio de abril, o transporte de carga segue em ritmo acelerado.<\/p>\n\n\n\n<p>A demanda de carga a\u00e9rea teve aumento de 9% em fevereiro deste ano, em rela\u00e7\u00e3o com o mesmo per\u00edodo de 2019, quando n\u00e3o havia crise sanit\u00e1ria global. O estudo foi divulgado pela Associa\u00e7\u00e3o Internacional de Transporte A\u00e9reo (Iata). Um dos destaques \u00e9 que mesmo comparado com janeiro deste ano, o m\u00eas de fevereiro obteve melhora de 1,5%.<\/p>\n\n\n\n<p>Um dos motivos \u00e9 que as paralisa\u00e7\u00f5es na cadeia de suprimentos e os consequentes atrasos nas entregas causaram maior prazo de entrega dos fornecedores. Isso normalmente significa que os fabricantes usam o transporte a\u00e9reo, que \u00e9 mais r\u00e1pido, para recuperar o tempo perdido durante o processo de produ\u00e7\u00e3o.<\/p>\n\n\n\n<p>Os dois maiores aeroportos cargueiros do Brasil, Viracopos e Guarulhos, term\u00f4metros da movimenta\u00e7\u00e3o da carga a\u00e9rea no pa\u00eds, registraram aumentos significativos desde o in\u00edcio de 2021.<br>&nbsp;<br>Guarulhos, em mar\u00e7o, contou com atrasos que chegam a superar tr\u00eas dias, somente no ato de receber e registrar a carga ap\u00f3s sair do avi\u00e3o, durante o processo de uma importa\u00e7\u00e3o \u2013 mostra apenas um dos exemplos dos transtornos vividos pela categoria no Terminal de Carga do maior aeroporto do Brasil.<\/p>\n\n\n\n<p>Ainda s\u00e3o relatados:<\/p>\n\n\n\n<ul class=\"wp-block-list\"><li>Atraso no agendamento de recebimento das cargas;<\/li><li>Atraso na entrega das cargas para as Companhias. A\u00e9reas;<\/li><li>Cargas n\u00e3o localizadas no armaz\u00e9m de exporta\u00e7\u00e3o;<\/li><li>Atrasos na atraca\u00e7\u00e3o;<\/li><li>Atraso na entrega e libera\u00e7\u00e3o das cargas agendadas.<br><br><\/li><\/ul>\n\n\n\n<p>Na Europa, o backlog nos aeroportos continua.<\/p>\n\n\n\n<p>Frankfurt ainda est\u00e1 funcionando com v\u00f4os para o Brasil. A Air France e a TAP ainda possuem frequ\u00eancia de voos para o Brasil, apesar de algumas sa\u00eddas terem sido trocados para \u201ccargo only\u201d. O problema dessa troca \u00e9 que gera um aumento nas tarifas.<\/p>\n\n\n\n<p><strong>Medidas para combater \u00e0 covid-19<\/strong><\/p>\n\n\n\n<p>Para facilitar a situa\u00e7\u00e3o da crise sanit\u00e1ria no pa\u00eds, a C\u00e2mara de Com\u00e9rcio Exterior zera temporariamente imposto de importa\u00e7\u00e3o de mais 65 produtos para combate \u00e0 Covid-19. Os itens \u2013 que incluem medicamentos e equipamentos \u2013 passam a integrar a lista de redu\u00e7\u00f5es tarif\u00e1rias de que trata a Resolu\u00e7\u00e3o Gecex n\u00ba 17, de 17 de mar\u00e7o de 2020.<\/p>\n\n\n\n<p>A decis\u00e3o contempla medicamentos para al\u00edvio de dor, seda\u00e7\u00e3o, intuba\u00e7\u00e3o e respira\u00e7\u00e3o artificial, entre anest\u00e9sicos, calmantes, analg\u00e9sicos e antibi\u00f3ticos. A medida tamb\u00e9m abrange monitores para leitos cl\u00ednicos e de Unidade de Terapia Intensiva (UTI), equipamentos para an\u00e1lise de gases respirat\u00f3rios e central de monitora\u00e7\u00e3o para UTI adulto, al\u00e9m de carrocerias e caminh\u00f5es-tanque para transporte de cargas perigosas, como oxig\u00eanio.&nbsp;<\/p>\n\n\n\n<p><strong>Inova\u00e7\u00e3o<\/strong><\/p>\n\n\n\n<p>A rota comercial ferrovi\u00e1ria China-Europa ganhou mais velocidade gra\u00e7as \u00e0 aplica\u00e7\u00e3o da tecnologia blockchain.<\/p>\n\n\n\n<p>O Porto Ferrovi\u00e1rio Internacional de Chengd, que recebeu a tecnologia, reduziu o tempo gasto na verifica\u00e7\u00e3o de documentos log\u00edsticos.<\/p>\n\n\n\n<p>Antes, a carga entregue da China por ferrovia costumava levar mais de um m\u00eas para chegar aos seus destinos na Europa.&nbsp;A documenta\u00e7\u00e3o e os conhecimentos de porte teriam de ser verificados em cada passagem de fronteira.<\/p>\n\n\n\n<p>Nos primeiros tr\u00eas anos e tr\u00eas meses de exist\u00eancia, o servi\u00e7o de carga China-Europa conseguiu realizar 200 viagens.&nbsp;Desde que a tecnologia blockchain foi introduzida, o mesmo n\u00famero de viagens foi realizado em apenas dois meses.<\/p>\n\n\n\n<p>Esse \u00e9 um bom indicativo do que o blockchain pode fazer pelo com\u00e9rcio internacional.<\/p>\n\n\n\n<p>Voc\u00ea tamb\u00e9m pode escutar esse conte\u00fado no Spotify:<\/p>\n\n\n\n<figure class=\"wp-block-embed-spotify wp-block-embed is-type-rich is-provider-spotify wp-embed-aspect-21-9 wp-has-aspect-ratio\"><div class=\"wp-block-embed__wrapper\">\n<iframe title=\"Spotify Embed: Cen\u00e1rio de log\u00edstica internacional - primeira quinzena de abril\/21\" style=\"border-radius: 12px\" width=\"100%\" height=\"152\" frameborder=\"0\" allowfullscreen allow=\"autoplay; clipboard-write; encrypted-media; fullscreen; picture-in-picture\" loading=\"lazy\" src=\"https:\/\/open.spotify.com\/embed\/episode\/2NxkAc6UckHGnjmdxGfeHy?utm_source=oembed\"><\/iframe>\n<\/div><\/figure>\n","protected":false},"excerpt":{"rendered":"<p>A corrente de com\u00e9rcio (soma das exporta\u00e7\u00f5es e importa\u00e7\u00f5es) do Brasil cresceu 20,6% no primeiro trimestre de 2021, atingindo US$ 109,62 bilh\u00f5es. As exporta\u00e7\u00f5es cresceram 16,8% no acumulado do ano e somaram US$ 55,63 bilh\u00f5es, enquanto as importa\u00e7\u00f5es subiram 24,8% e totalizaram US$ 53,99 bilh\u00f5es. Com esse resultado, a Secex divulgou novas previs\u00f5es para 2021, [&hellip;]<\/p>\n","protected":false},"author":2,"featured_media":2157,"comment_status":"open","ping_status":"open","sticky":false,"template":"","format":"standard","meta":{"_acf_changed":false,"footnotes":""},"categories":[9],"tags":[48,52,19,7,27],"class_list":["post-2156","post","type-post","status-publish","format-standard","has-post-thumbnail","hentry","category-novidades","tag-comercio-exterior","tag-comercio-internacional","tag-exportacao","tag-importacao","tag-pluscargo-brasil"],"acf":[],"yoast_head":"<!-- This site is optimized with the Yoast SEO plugin v27.5 - https:\/\/yoast.com\/product\/yoast-seo-wordpress\/ -->\n<title>Cen\u00e1rio de Com\u00e9rcio Exterior \u2013 1\u00aa quinzena de abril - Pluscargo<\/title>\n<meta name=\"description\" content=\"Confira os principais acontecimento do cen\u00e1rio de com\u00e9rcio exterior da primeira quinzena de abril no podcast Log\u00edstica Plus.\" \/>\n<meta name=\"robots\" content=\"index, follow, max-snippet:-1, max-image-preview:large, max-video-preview:-1\" \/>\n<link rel=\"canonical\" href=\"https:\/\/pluscargo.com.br\/en\/cenario-de-comercio-exterior-1a-quinzena-de-abril\/\" \/>\n<meta property=\"og:locale\" content=\"en_US\" \/>\n<meta property=\"og:type\" content=\"article\" \/>\n<meta property=\"og:title\" content=\"Cen\u00e1rio de Com\u00e9rcio Exterior \u2013 1\u00aa quinzena de abril - Pluscargo\" \/>\n<meta property=\"og:description\" content=\"Confira os principais acontecimento do cen\u00e1rio de com\u00e9rcio exterior da primeira quinzena de abril no podcast Log\u00edstica Plus.\" \/>\n<meta property=\"og:url\" content=\"https:\/\/pluscargo.com.br\/en\/cenario-de-comercio-exterior-1a-quinzena-de-abril\/\" \/>\n<meta property=\"og:site_name\" content=\"Pluscargo\" \/>\n<meta property=\"article:publisher\" content=\"https:\/\/www.facebook.com\/pluscargobrasil\/\" \/>\n<meta property=\"article:published_time\" content=\"2021-04-16T14:40:57+00:00\" \/>\n<meta property=\"og:image\" content=\"https:\/\/pluscargo.com.br\/wp-content\/uploads\/2021\/04\/14_ABR_Podcast_Logistica_Internacional_1x1.png\" \/>\n\t<meta property=\"og:image:width\" content=\"1080\" \/>\n\t<meta property=\"og:image:height\" content=\"1080\" \/>\n\t<meta property=\"og:image:type\" content=\"image\/png\" \/>\n<meta name=\"author\" content=\"Patricia Bar\u00e3o\" \/>\n<meta name=\"twitter:card\" content=\"summary_large_image\" \/>\n<meta name=\"twitter:label1\" content=\"Written by\" \/>\n\t<meta name=\"twitter:data1\" content=\"Patricia Bar\u00e3o\" \/>\n\t<meta name=\"twitter:label2\" content=\"Est. reading time\" \/>\n\t<meta name=\"twitter:data2\" content=\"6 minutes\" \/>\n<script type=\"application\/ld+json\" class=\"yoast-schema-graph\">{\"@context\":\"https:\\\/\\\/schema.org\",\"@graph\":[{\"@type\":\"Article\",\"@id\":\"https:\\\/\\\/pluscargo.com.br\\\/cenario-de-comercio-exterior-1a-quinzena-de-abril\\\/#article\",\"isPartOf\":{\"@id\":\"https:\\\/\\\/pluscargo.com.br\\\/cenario-de-comercio-exterior-1a-quinzena-de-abril\\\/\"},\"author\":{\"name\":\"Patricia Bar\u00e3o\",\"@id\":\"https:\\\/\\\/pluscargo.com.br\\\/#\\\/schema\\\/person\\\/823aef0643611f95b501442c8e899668\"},\"headline\":\"Cen\u00e1rio de Com\u00e9rcio Exterior \u2013 1\u00aa quinzena de abril\",\"datePublished\":\"2021-04-16T14:40:57+00:00\",\"mainEntityOfPage\":{\"@id\":\"https:\\\/\\\/pluscargo.com.br\\\/cenario-de-comercio-exterior-1a-quinzena-de-abril\\\/\"},\"wordCount\":1198,\"commentCount\":0,\"publisher\":{\"@id\":\"https:\\\/\\\/pluscargo.com.br\\\/#organization\"},\"image\":{\"@id\":\"https:\\\/\\\/pluscargo.com.br\\\/cenario-de-comercio-exterior-1a-quinzena-de-abril\\\/#primaryimage\"},\"thumbnailUrl\":\"https:\\\/\\\/pluscargo.com.br\\\/wp-content\\\/uploads\\\/2021\\\/04\\\/14_ABR_Podcast_Logistica_Internacional_1x1.png\",\"keywords\":[\"com\u00e9rcio exterior\",\"com\u00e9rcio internacional\",\"exporta\u00e7\u00e3o\",\"importa\u00e7\u00e3o\",\"Pluscargo Brasil\"],\"articleSection\":[\"News\"],\"inLanguage\":\"en-US\"},{\"@type\":\"WebPage\",\"@id\":\"https:\\\/\\\/pluscargo.com.br\\\/en\\\/cenario-de-comercio-exterior-1a-quinzena-de-abril\\\/\",\"url\":\"https:\\\/\\\/pluscargo.com.br\\\/en\\\/cenario-de-comercio-exterior-1a-quinzena-de-abril\\\/\",\"name\":\"Cen\u00e1rio de Com\u00e9rcio Exterior \u2013 1\u00aa quinzena de abril - Pluscargo\",\"isPartOf\":{\"@id\":\"https:\\\/\\\/pluscargo.com.br\\\/en\\\/#website\"},\"primaryImageOfPage\":{\"@id\":\"https:\\\/\\\/pluscargo.com.br\\\/en\\\/cenario-de-comercio-exterior-1a-quinzena-de-abril\\\/#primaryimage\"},\"image\":{\"@id\":\"https:\\\/\\\/pluscargo.com.br\\\/cenario-de-comercio-exterior-1a-quinzena-de-abril\\\/#primaryimage\"},\"thumbnailUrl\":\"https:\\\/\\\/pluscargo.com.br\\\/wp-content\\\/uploads\\\/2021\\\/04\\\/14_ABR_Podcast_Logistica_Internacional_1x1.png\",\"datePublished\":\"2021-04-16T14:40:57+00:00\",\"description\":\"Confira os principais acontecimento do cen\u00e1rio de com\u00e9rcio exterior da primeira quinzena de abril no podcast Log\u00edstica Plus.\",\"inLanguage\":\"en-US\",\"potentialAction\":[{\"@type\":\"ReadAction\",\"target\":[[\"https:\\\/\\\/pluscargo.com.br\\\/en\\\/cenario-de-comercio-exterior-1a-quinzena-de-abril\\\/\"]]}]},{\"@type\":\"ImageObject\",\"inLanguage\":\"en-US\",\"@id\":\"https:\\\/\\\/pluscargo.com.br\\\/en\\\/cenario-de-comercio-exterior-1a-quinzena-de-abril\\\/#primaryimage\",\"url\":\"https:\\\/\\\/pluscargo.com.br\\\/wp-content\\\/uploads\\\/2021\\\/04\\\/14_ABR_Podcast_Logistica_Internacional_1x1.png\",\"contentUrl\":\"https:\\\/\\\/pluscargo.com.br\\\/wp-content\\\/uploads\\\/2021\\\/04\\\/14_ABR_Podcast_Logistica_Internacional_1x1.png\",\"width\":1080,\"height\":1080,\"caption\":\"Log\u00edsitca Plus. Podcast sobre a pimeira quinzena de abril\"},{\"@type\":\"WebSite\",\"@id\":\"https:\\\/\\\/pluscargo.com.br\\\/en\\\/#website\",\"url\":\"https:\\\/\\\/pluscargo.com.br\\\/en\\\/\",\"name\":\"Pluscargo\",\"description\":\"A Pluscargo \u00e9 uma empresa do Grupo RAS, o maior ecossistema log\u00edstico da Am\u00e9rica Latina\",\"publisher\":{\"@id\":\"https:\\\/\\\/pluscargo.com.br\\\/en\\\/#organization\"},\"potentialAction\":[{\"@type\":\"SearchAction\",\"target\":{\"@type\":\"EntryPoint\",\"urlTemplate\":\"https:\\\/\\\/pluscargo.com.br\\\/en\\\/?s={search_term_string}\"},\"query-input\":{\"@type\":\"PropertyValueSpecification\",\"valueRequired\":true,\"valueName\":\"search_term_string\"}}],\"inLanguage\":\"en-US\"},{\"@type\":\"Organization\",\"@id\":\"https:\\\/\\\/pluscargo.com.br\\\/en\\\/#organization\",\"name\":\"Pluscargo Brasil\",\"url\":\"https:\\\/\\\/pluscargo.com.br\\\/en\\\/\",\"logo\":{\"@type\":\"ImageObject\",\"inLanguage\":\"en-US\",\"@id\":\"https:\\\/\\\/pluscargo.com.br\\\/en\\\/#\\\/schema\\\/logo\\\/image\\\/\",\"url\":\"https:\\\/\\\/pluscargo.com.br\\\/wp-content\\\/uploads\\\/2019\\\/02\\\/Pluscargo_Logo.png\",\"contentUrl\":\"https:\\\/\\\/pluscargo.com.br\\\/wp-content\\\/uploads\\\/2019\\\/02\\\/Pluscargo_Logo.png\",\"width\":3063,\"height\":518,\"caption\":\"Pluscargo Brasil\"},\"image\":{\"@id\":\"https:\\\/\\\/pluscargo.com.br\\\/en\\\/#\\\/schema\\\/logo\\\/image\\\/\"},\"sameAs\":[\"https:\\\/\\\/www.facebook.com\\\/pluscargobrasil\\\/\",\"https:\\\/\\\/www.instagram.com\\\/pluscargo\\\/\",\"https:\\\/\\\/www.linkedin.com\\\/company\\\/pluscargo-do-brasil-ltda\"]},{\"@type\":\"Person\",\"@id\":\"https:\\\/\\\/pluscargo.com.br\\\/#\\\/schema\\\/person\\\/823aef0643611f95b501442c8e899668\",\"name\":\"Patricia Bar\u00e3o\",\"image\":{\"@type\":\"ImageObject\",\"inLanguage\":\"en-US\",\"@id\":\"https:\\\/\\\/secure.gravatar.com\\\/avatar\\\/3494dbde84fcb1f8f0da772094ccf26c5ce8eaf1d167b8835ffc8f82efe4b83b?s=96&d=mm&r=g\",\"url\":\"https:\\\/\\\/secure.gravatar.com\\\/avatar\\\/3494dbde84fcb1f8f0da772094ccf26c5ce8eaf1d167b8835ffc8f82efe4b83b?s=96&d=mm&r=g\",\"contentUrl\":\"https:\\\/\\\/secure.gravatar.com\\\/avatar\\\/3494dbde84fcb1f8f0da772094ccf26c5ce8eaf1d167b8835ffc8f82efe4b83b?s=96&d=mm&r=g\",\"caption\":\"Patricia Bar\u00e3o\"},\"url\":\"https:\\\/\\\/pluscargo.com.br\\\/en\\\/author\\\/patriciabarao\\\/\"}]}<\/script>\n<!-- \/ Yoast SEO plugin. -->","yoast_head_json":{"title":"Cen\u00e1rio de Com\u00e9rcio Exterior \u2013 1\u00aa quinzena de abril - Pluscargo","description":"Confira os principais acontecimento do cen\u00e1rio de com\u00e9rcio exterior da primeira quinzena de abril no podcast Log\u00edstica Plus.","robots":{"index":"index","follow":"follow","max-snippet":"max-snippet:-1","max-image-preview":"max-image-preview:large","max-video-preview":"max-video-preview:-1"},"canonical":"https:\/\/pluscargo.com.br\/en\/cenario-de-comercio-exterior-1a-quinzena-de-abril\/","og_locale":"en_US","og_type":"article","og_title":"Cen\u00e1rio de Com\u00e9rcio Exterior \u2013 1\u00aa quinzena de abril - Pluscargo","og_description":"Confira os principais acontecimento do cen\u00e1rio de com\u00e9rcio exterior da primeira quinzena de abril no podcast Log\u00edstica Plus.","og_url":"https:\/\/pluscargo.com.br\/en\/cenario-de-comercio-exterior-1a-quinzena-de-abril\/","og_site_name":"Pluscargo","article_publisher":"https:\/\/www.facebook.com\/pluscargobrasil\/","article_published_time":"2021-04-16T14:40:57+00:00","og_image":[{"width":1080,"height":1080,"url":"https:\/\/pluscargo.com.br\/wp-content\/uploads\/2021\/04\/14_ABR_Podcast_Logistica_Internacional_1x1.png","type":"image\/png"}],"author":"Patricia Bar\u00e3o","twitter_card":"summary_large_image","twitter_misc":{"Written by":"Patricia Bar\u00e3o","Est. reading time":"6 minutes"},"schema":{"@context":"https:\/\/schema.org","@graph":[{"@type":"Article","@id":"https:\/\/pluscargo.com.br\/cenario-de-comercio-exterior-1a-quinzena-de-abril\/#article","isPartOf":{"@id":"https:\/\/pluscargo.com.br\/cenario-de-comercio-exterior-1a-quinzena-de-abril\/"},"author":{"name":"Patricia Bar\u00e3o","@id":"https:\/\/pluscargo.com.br\/#\/schema\/person\/823aef0643611f95b501442c8e899668"},"headline":"Cen\u00e1rio de Com\u00e9rcio Exterior \u2013 1\u00aa quinzena de abril","datePublished":"2021-04-16T14:40:57+00:00","mainEntityOfPage":{"@id":"https:\/\/pluscargo.com.br\/cenario-de-comercio-exterior-1a-quinzena-de-abril\/"},"wordCount":1198,"commentCount":0,"publisher":{"@id":"https:\/\/pluscargo.com.br\/#organization"},"image":{"@id":"https:\/\/pluscargo.com.br\/cenario-de-comercio-exterior-1a-quinzena-de-abril\/#primaryimage"},"thumbnailUrl":"https:\/\/pluscargo.com.br\/wp-content\/uploads\/2021\/04\/14_ABR_Podcast_Logistica_Internacional_1x1.png","keywords":["com\u00e9rcio exterior","com\u00e9rcio internacional","exporta\u00e7\u00e3o","importa\u00e7\u00e3o","Pluscargo Brasil"],"articleSection":["News"],"inLanguage":"en-US"},{"@type":"WebPage","@id":"https:\/\/pluscargo.com.br\/en\/cenario-de-comercio-exterior-1a-quinzena-de-abril\/","url":"https:\/\/pluscargo.com.br\/en\/cenario-de-comercio-exterior-1a-quinzena-de-abril\/","name":"Cen\u00e1rio de Com\u00e9rcio Exterior \u2013 1\u00aa quinzena de abril - Pluscargo","isPartOf":{"@id":"https:\/\/pluscargo.com.br\/en\/#website"},"primaryImageOfPage":{"@id":"https:\/\/pluscargo.com.br\/en\/cenario-de-comercio-exterior-1a-quinzena-de-abril\/#primaryimage"},"image":{"@id":"https:\/\/pluscargo.com.br\/cenario-de-comercio-exterior-1a-quinzena-de-abril\/#primaryimage"},"thumbnailUrl":"https:\/\/pluscargo.com.br\/wp-content\/uploads\/2021\/04\/14_ABR_Podcast_Logistica_Internacional_1x1.png","datePublished":"2021-04-16T14:40:57+00:00","description":"Confira os principais acontecimento do cen\u00e1rio de com\u00e9rcio exterior da primeira quinzena de abril no podcast Log\u00edstica Plus.","inLanguage":"en-US","potentialAction":[{"@type":"ReadAction","target":[["https:\/\/pluscargo.com.br\/en\/cenario-de-comercio-exterior-1a-quinzena-de-abril\/"]]}]},{"@type":"ImageObject","inLanguage":"en-US","@id":"https:\/\/pluscargo.com.br\/en\/cenario-de-comercio-exterior-1a-quinzena-de-abril\/#primaryimage","url":"https:\/\/pluscargo.com.br\/wp-content\/uploads\/2021\/04\/14_ABR_Podcast_Logistica_Internacional_1x1.png","contentUrl":"https:\/\/pluscargo.com.br\/wp-content\/uploads\/2021\/04\/14_ABR_Podcast_Logistica_Internacional_1x1.png","width":1080,"height":1080,"caption":"Log\u00edsitca Plus. Podcast sobre a pimeira quinzena de abril"},{"@type":"WebSite","@id":"https:\/\/pluscargo.com.br\/en\/#website","url":"https:\/\/pluscargo.com.br\/en\/","name":"Pluscargo","description":"A Pluscargo \u00e9 uma empresa do Grupo RAS, o maior ecossistema log\u00edstico da Am\u00e9rica Latina","publisher":{"@id":"https:\/\/pluscargo.com.br\/en\/#organization"},"potentialAction":[{"@type":"SearchAction","target":{"@type":"EntryPoint","urlTemplate":"https:\/\/pluscargo.com.br\/en\/?s={search_term_string}"},"query-input":{"@type":"PropertyValueSpecification","valueRequired":true,"valueName":"search_term_string"}}],"inLanguage":"en-US"},{"@type":"Organization","@id":"https:\/\/pluscargo.com.br\/en\/#organization","name":"Pluscargo Brasil","url":"https:\/\/pluscargo.com.br\/en\/","logo":{"@type":"ImageObject","inLanguage":"en-US","@id":"https:\/\/pluscargo.com.br\/en\/#\/schema\/logo\/image\/","url":"https:\/\/pluscargo.com.br\/wp-content\/uploads\/2019\/02\/Pluscargo_Logo.png","contentUrl":"https:\/\/pluscargo.com.br\/wp-content\/uploads\/2019\/02\/Pluscargo_Logo.png","width":3063,"height":518,"caption":"Pluscargo Brasil"},"image":{"@id":"https:\/\/pluscargo.com.br\/en\/#\/schema\/logo\/image\/"},"sameAs":["https:\/\/www.facebook.com\/pluscargobrasil\/","https:\/\/www.instagram.com\/pluscargo\/","https:\/\/www.linkedin.com\/company\/pluscargo-do-brasil-ltda"]},{"@type":"Person","@id":"https:\/\/pluscargo.com.br\/#\/schema\/person\/823aef0643611f95b501442c8e899668","name":"Patricia Bar\u00e3o","image":{"@type":"ImageObject","inLanguage":"en-US","@id":"https:\/\/secure.gravatar.com\/avatar\/3494dbde84fcb1f8f0da772094ccf26c5ce8eaf1d167b8835ffc8f82efe4b83b?s=96&d=mm&r=g","url":"https:\/\/secure.gravatar.com\/avatar\/3494dbde84fcb1f8f0da772094ccf26c5ce8eaf1d167b8835ffc8f82efe4b83b?s=96&d=mm&r=g","contentUrl":"https:\/\/secure.gravatar.com\/avatar\/3494dbde84fcb1f8f0da772094ccf26c5ce8eaf1d167b8835ffc8f82efe4b83b?s=96&d=mm&r=g","caption":"Patricia Bar\u00e3o"},"url":"https:\/\/pluscargo.com.br\/en\/author\/patriciabarao\/"}]}},"_links":{"self":[{"href":"https:\/\/pluscargo.com.br\/en\/wp-json\/wp\/v2\/posts\/2156","targetHints":{"allow":["GET"]}}],"collection":[{"href":"https:\/\/pluscargo.com.br\/en\/wp-json\/wp\/v2\/posts"}],"about":[{"href":"https:\/\/pluscargo.com.br\/en\/wp-json\/wp\/v2\/types\/post"}],"author":[{"embeddable":true,"href":"https:\/\/pluscargo.com.br\/en\/wp-json\/wp\/v2\/users\/2"}],"replies":[{"embeddable":true,"href":"https:\/\/pluscargo.com.br\/en\/wp-json\/wp\/v2\/comments?post=2156"}],"version-history":[{"count":0,"href":"https:\/\/pluscargo.com.br\/en\/wp-json\/wp\/v2\/posts\/2156\/revisions"}],"wp:featuredmedia":[{"embeddable":true,"href":"https:\/\/pluscargo.com.br\/en\/wp-json\/wp\/v2\/media\/2157"}],"wp:attachment":[{"href":"https:\/\/pluscargo.com.br\/en\/wp-json\/wp\/v2\/media?parent=2156"}],"wp:term":[{"taxonomy":"category","embeddable":true,"href":"https:\/\/pluscargo.com.br\/en\/wp-json\/wp\/v2\/categories?post=2156"},{"taxonomy":"post_tag","embeddable":true,"href":"https:\/\/pluscargo.com.br\/en\/wp-json\/wp\/v2\/tags?post=2156"}],"curies":[{"name":"wp","href":"https:\/\/api.w.org\/{rel}","templated":true}]}}