{"id":2364,"date":"2021-06-28T11:32:36","date_gmt":"2021-06-28T14:32:36","guid":{"rendered":"https:\/\/pluscargo.com.br\/?p=2305"},"modified":"2021-06-28T11:32:36","modified_gmt":"2021-06-28T14:32:36","slug":"pluscargo-conversa-sobre-a-importancia-da-diversidade","status":"publish","type":"post","link":"https:\/\/pluscargo.com.br\/en\/pluscargo-conversa-sobre-a-importancia-da-diversidade\/","title":{"rendered":"Pluscargo conversa sobre a import\u00e2ncia da diversidade"},"content":{"rendered":"\n<p>O m\u00eas de junho \u00e9 marcado mundialmente pela celebra\u00e7\u00e3o do Orgulho LGBTQIA +. Todos os anos, durante o m\u00eas, acontece uma s\u00e9rie de eventos (agora online) e discuss\u00f5es necess\u00e1rias sobre o assunto.<\/p>\n\n\n\n<p>Hoje, 28, \u00e9 o Dia Internacional do Orgulho LGBTQIA +. A data, muito mais do que um dia de reflex\u00e3o, \u00e9 tamb\u00e9m um momento para lembrar e conscientizar a popula\u00e7\u00e3o sobre a luta pelos direitos da comunidade.<\/p>\n\n\n\n<p>Ainda que existam iniciativas e movimentos para proporcionar mais visibilidade \u00e0 pauta, o caminho ainda \u00e9 longo. Uma pesquisa de \u201cDiversidade e Inclus\u00e3o (D&amp;I) nas empresas\u201d, feita pela Consultoria Mais Diversidade e a Revista Voc\u00ea RH, revela que, cerca de 65% das institui\u00e7\u00f5es brasileiras n\u00e3o possuem programas de diversidade estruturado, com planejamento e a\u00e7\u00f5es pontuais, e s\u00f3 28% t\u00eam um espa\u00e7o exclusivo para discutir e conversar sobre o tema. A an\u00e1lise teve uma amostra de 293 entidades, divididas entre nacionais e multinacionais de 34 pa\u00edses e 23 setores diferentes.<\/p>\n\n\n\n<p>Na Pluscargo, al\u00e9m do Comit\u00ea WMakers, que tem como objetivo ampliar a presen\u00e7a de mulheres no mercado de Com\u00e9rcio Exterior, desde que come\u00e7ou o trabalho remoto devido \u00e0s restri\u00e7\u00f5es causadas pela pandemia, foi criado um encontro semanal, o Caf\u00e9 Plus, que acontece toda sexta-feira e \u00e9 um espa\u00e7o de troca e discuss\u00e3o sobre assuntos que fazem parte da rotina ou que s\u00e3o considerados importantes para a organiza\u00e7\u00e3o.<\/p>\n\n\n\n<p>Na semana passada, tivemos como tema diversidade e inclus\u00e3o, com a apresenta\u00e7\u00e3o do Artur Bortoto, da Pluscargo Campinas, compartilhando sua hist\u00f3ria de vida e experi\u00eancias no ambiente corporativo que est\u00e3o relacionadas com a diversidade.<\/p>\n\n\n\n<p>\u201cHoje eu vejo a import\u00e2ncia de estar falando com um grupo t\u00e3o grande de pessoas que trabalha junto em busca do bem comum. H\u00e1 20 anos atr\u00e1s, quando entrei no comex, jamais falaria sobre isso\u201d, comenta Arthur.<\/p>\n\n\n\n<p>N\u00f3s acreditamos que a diversidade \u00e9 o caminho para alcan\u00e7ar o bem-estar coletivo e, principalmente, o respeito. Pautas como essa, fazemos quest\u00e3o de abordar e colaborar com um ambiente diverso e plural.<\/p>\n\n\n\n<p>\u201cDe todas as empresas que trabalhei, a Pluscargo \u00e9 a que melhor consegue lidar com as diferen\u00e7as e com a diversidade das pessoas\u201d, afirma.<\/p>\n","protected":false},"excerpt":{"rendered":"<p>O m\u00eas de junho \u00e9 marcado mundialmente pela celebra\u00e7\u00e3o do Orgulho LGBTQIA +. Todos os anos, durante o m\u00eas, acontece uma s\u00e9rie de eventos (agora online) e discuss\u00f5es necess\u00e1rias sobre o assunto. Hoje, 28, \u00e9 o Dia Internacional do Orgulho LGBTQIA +. A data, muito mais do que um dia de reflex\u00e3o, \u00e9 tamb\u00e9m um [&hellip;]<\/p>\n","protected":false},"author":2,"featured_media":2453,"comment_status":"open","ping_status":"open","sticky":false,"template":"","format":"standard","meta":{"_acf_changed":false,"footnotes":""},"categories":[23],"tags":[169,98,27],"class_list":["post-2364","post","type-post","status-publish","format-standard","has-post-thumbnail","hentry","category-acontece","tag-dia-internacional-do-orgulho-lgbtqia","tag-diversidade","tag-pluscargo-brasil"],"acf":[],"yoast_head":"<!-- This site is optimized with the Yoast SEO plugin v27.5 - https:\/\/yoast.com\/product\/yoast-seo-wordpress\/ -->\n<title>Pluscargo conversa sobre a import\u00e2ncia da diversidade - Pluscargo<\/title>\n<meta name=\"description\" content=\"Hoje, 28, \u00e9 o Dia Internacional do Orgulho LGBTQIA +. A data, muito mais do que um dia de reflex\u00e3o, \u00e9 tamb\u00e9m um momento para lembrar e conscientizar a popula\u00e7\u00e3o sobre a luta pelos direitos da comunidade\" \/>\n<meta name=\"robots\" content=\"index, follow, max-snippet:-1, max-image-preview:large, max-video-preview:-1\" \/>\n<link rel=\"canonical\" href=\"https:\/\/pluscargo.com.br\/en\/pluscargo-conversa-sobre-a-importancia-da-diversidade\/\" \/>\n<meta property=\"og:locale\" content=\"en_US\" \/>\n<meta property=\"og:type\" content=\"article\" \/>\n<meta property=\"og:title\" content=\"Pluscargo conversa sobre a import\u00e2ncia da diversidade - Pluscargo\" \/>\n<meta property=\"og:description\" content=\"Hoje, 28, \u00e9 o Dia Internacional do Orgulho LGBTQIA +. A data, muito mais do que um dia de reflex\u00e3o, \u00e9 tamb\u00e9m um momento para lembrar e conscientizar a popula\u00e7\u00e3o sobre a luta pelos direitos da comunidade\" \/>\n<meta property=\"og:url\" content=\"https:\/\/pluscargo.com.br\/en\/pluscargo-conversa-sobre-a-importancia-da-diversidade\/\" \/>\n<meta property=\"og:site_name\" content=\"Pluscargo\" \/>\n<meta property=\"article:publisher\" content=\"https:\/\/www.facebook.com\/pluscargobrasil\/\" \/>\n<meta property=\"article:published_time\" content=\"2021-06-28T14:32:36+00:00\" \/>\n<meta property=\"og:image\" content=\"https:\/\/pluscargo.com.br\/wp-content\/uploads\/2021\/06\/Mes-do-orgulho-site.png\" \/>\n\t<meta property=\"og:image:width\" content=\"720\" \/>\n\t<meta property=\"og:image:height\" content=\"482\" \/>\n\t<meta property=\"og:image:type\" content=\"image\/png\" \/>\n<meta name=\"author\" content=\"Patricia Bar\u00e3o\" \/>\n<meta name=\"twitter:card\" content=\"summary_large_image\" \/>\n<meta name=\"twitter:label1\" content=\"Written by\" \/>\n\t<meta name=\"twitter:data1\" content=\"Patricia Bar\u00e3o\" \/>\n\t<meta name=\"twitter:label2\" content=\"Est. reading time\" \/>\n\t<meta name=\"twitter:data2\" content=\"2 minutes\" \/>\n<script type=\"application\/ld+json\" class=\"yoast-schema-graph\">{\"@context\":\"https:\\\/\\\/schema.org\",\"@graph\":[{\"@type\":\"Article\",\"@id\":\"https:\\\/\\\/pluscargo.com.br\\\/pluscargo-conversa-sobre-a-importancia-da-diversidade\\\/#article\",\"isPartOf\":{\"@id\":\"https:\\\/\\\/pluscargo.com.br\\\/pluscargo-conversa-sobre-a-importancia-da-diversidade\\\/\"},\"author\":{\"name\":\"Patricia Bar\u00e3o\",\"@id\":\"https:\\\/\\\/pluscargo.com.br\\\/#\\\/schema\\\/person\\\/823aef0643611f95b501442c8e899668\"},\"headline\":\"Pluscargo conversa sobre a import\u00e2ncia da diversidade\",\"datePublished\":\"2021-06-28T14:32:36+00:00\",\"mainEntityOfPage\":{\"@id\":\"https:\\\/\\\/pluscargo.com.br\\\/pluscargo-conversa-sobre-a-importancia-da-diversidade\\\/\"},\"wordCount\":383,\"commentCount\":0,\"publisher\":{\"@id\":\"https:\\\/\\\/pluscargo.com.br\\\/#organization\"},\"image\":{\"@id\":\"https:\\\/\\\/pluscargo.com.br\\\/pluscargo-conversa-sobre-a-importancia-da-diversidade\\\/#primaryimage\"},\"thumbnailUrl\":\"https:\\\/\\\/pluscargo.com.br\\\/wp-content\\\/uploads\\\/2021\\\/06\\\/Mes-do-orgulho-site.png\",\"keywords\":[\"Dia Internacional do Orgulho LGBTQIA+\",\"diversidade\",\"Pluscargo Brasil\"],\"articleSection\":[\"Acontece na PLUS\"],\"inLanguage\":\"en-US\"},{\"@type\":\"WebPage\",\"@id\":\"https:\\\/\\\/pluscargo.com.br\\\/en\\\/pluscargo-conversa-sobre-a-importancia-da-diversidade\\\/\",\"url\":\"https:\\\/\\\/pluscargo.com.br\\\/en\\\/pluscargo-conversa-sobre-a-importancia-da-diversidade\\\/\",\"name\":\"Pluscargo conversa sobre a import\u00e2ncia da diversidade - Pluscargo\",\"isPartOf\":{\"@id\":\"https:\\\/\\\/pluscargo.com.br\\\/en\\\/#website\"},\"primaryImageOfPage\":{\"@id\":\"https:\\\/\\\/pluscargo.com.br\\\/en\\\/pluscargo-conversa-sobre-a-importancia-da-diversidade\\\/#primaryimage\"},\"image\":{\"@id\":\"https:\\\/\\\/pluscargo.com.br\\\/pluscargo-conversa-sobre-a-importancia-da-diversidade\\\/#primaryimage\"},\"thumbnailUrl\":\"https:\\\/\\\/pluscargo.com.br\\\/wp-content\\\/uploads\\\/2021\\\/06\\\/Mes-do-orgulho-site.png\",\"datePublished\":\"2021-06-28T14:32:36+00:00\",\"description\":\"Hoje, 28, \u00e9 o Dia Internacional do Orgulho LGBTQIA +. A data, muito mais do que um dia de reflex\u00e3o, \u00e9 tamb\u00e9m um momento para lembrar e conscientizar a popula\u00e7\u00e3o sobre a luta pelos direitos da comunidade\",\"inLanguage\":\"en-US\",\"potentialAction\":[{\"@type\":\"ReadAction\",\"target\":[[\"https:\\\/\\\/pluscargo.com.br\\\/en\\\/pluscargo-conversa-sobre-a-importancia-da-diversidade\\\/\"]]}]},{\"@type\":\"ImageObject\",\"inLanguage\":\"en-US\",\"@id\":\"https:\\\/\\\/pluscargo.com.br\\\/en\\\/pluscargo-conversa-sobre-a-importancia-da-diversidade\\\/#primaryimage\",\"url\":\"https:\\\/\\\/pluscargo.com.br\\\/wp-content\\\/uploads\\\/2021\\\/06\\\/Mes-do-orgulho-site.png\",\"contentUrl\":\"https:\\\/\\\/pluscargo.com.br\\\/wp-content\\\/uploads\\\/2021\\\/06\\\/Mes-do-orgulho-site.png\",\"width\":720,\"height\":482,\"caption\":\"Dia Internacional do Orgulho LGBTQIA+\"},{\"@type\":\"WebSite\",\"@id\":\"https:\\\/\\\/pluscargo.com.br\\\/en\\\/#website\",\"url\":\"https:\\\/\\\/pluscargo.com.br\\\/en\\\/\",\"name\":\"Pluscargo\",\"description\":\"A Pluscargo \u00e9 uma empresa do Grupo RAS, o maior ecossistema log\u00edstico da Am\u00e9rica Latina\",\"publisher\":{\"@id\":\"https:\\\/\\\/pluscargo.com.br\\\/en\\\/#organization\"},\"potentialAction\":[{\"@type\":\"SearchAction\",\"target\":{\"@type\":\"EntryPoint\",\"urlTemplate\":\"https:\\\/\\\/pluscargo.com.br\\\/en\\\/?s={search_term_string}\"},\"query-input\":{\"@type\":\"PropertyValueSpecification\",\"valueRequired\":true,\"valueName\":\"search_term_string\"}}],\"inLanguage\":\"en-US\"},{\"@type\":\"Organization\",\"@id\":\"https:\\\/\\\/pluscargo.com.br\\\/en\\\/#organization\",\"name\":\"Pluscargo Brasil\",\"url\":\"https:\\\/\\\/pluscargo.com.br\\\/en\\\/\",\"logo\":{\"@type\":\"ImageObject\",\"inLanguage\":\"en-US\",\"@id\":\"https:\\\/\\\/pluscargo.com.br\\\/en\\\/#\\\/schema\\\/logo\\\/image\\\/\",\"url\":\"https:\\\/\\\/pluscargo.com.br\\\/wp-content\\\/uploads\\\/2019\\\/02\\\/Pluscargo_Logo.png\",\"contentUrl\":\"https:\\\/\\\/pluscargo.com.br\\\/wp-content\\\/uploads\\\/2019\\\/02\\\/Pluscargo_Logo.png\",\"width\":3063,\"height\":518,\"caption\":\"Pluscargo Brasil\"},\"image\":{\"@id\":\"https:\\\/\\\/pluscargo.com.br\\\/en\\\/#\\\/schema\\\/logo\\\/image\\\/\"},\"sameAs\":[\"https:\\\/\\\/www.facebook.com\\\/pluscargobrasil\\\/\",\"https:\\\/\\\/www.instagram.com\\\/pluscargo\\\/\",\"https:\\\/\\\/www.linkedin.com\\\/company\\\/pluscargo-do-brasil-ltda\"]},{\"@type\":\"Person\",\"@id\":\"https:\\\/\\\/pluscargo.com.br\\\/#\\\/schema\\\/person\\\/823aef0643611f95b501442c8e899668\",\"name\":\"Patricia Bar\u00e3o\",\"image\":{\"@type\":\"ImageObject\",\"inLanguage\":\"en-US\",\"@id\":\"https:\\\/\\\/secure.gravatar.com\\\/avatar\\\/3494dbde84fcb1f8f0da772094ccf26c5ce8eaf1d167b8835ffc8f82efe4b83b?s=96&d=mm&r=g\",\"url\":\"https:\\\/\\\/secure.gravatar.com\\\/avatar\\\/3494dbde84fcb1f8f0da772094ccf26c5ce8eaf1d167b8835ffc8f82efe4b83b?s=96&d=mm&r=g\",\"contentUrl\":\"https:\\\/\\\/secure.gravatar.com\\\/avatar\\\/3494dbde84fcb1f8f0da772094ccf26c5ce8eaf1d167b8835ffc8f82efe4b83b?s=96&d=mm&r=g\",\"caption\":\"Patricia Bar\u00e3o\"},\"url\":\"https:\\\/\\\/pluscargo.com.br\\\/en\\\/author\\\/patriciabarao\\\/\"}]}<\/script>\n<!-- \/ Yoast SEO plugin. -->","yoast_head_json":{"title":"Pluscargo conversa sobre a import\u00e2ncia da diversidade - Pluscargo","description":"Hoje, 28, \u00e9 o Dia Internacional do Orgulho LGBTQIA +. A data, muito mais do que um dia de reflex\u00e3o, \u00e9 tamb\u00e9m um momento para lembrar e conscientizar a popula\u00e7\u00e3o sobre a luta pelos direitos da comunidade","robots":{"index":"index","follow":"follow","max-snippet":"max-snippet:-1","max-image-preview":"max-image-preview:large","max-video-preview":"max-video-preview:-1"},"canonical":"https:\/\/pluscargo.com.br\/en\/pluscargo-conversa-sobre-a-importancia-da-diversidade\/","og_locale":"en_US","og_type":"article","og_title":"Pluscargo conversa sobre a import\u00e2ncia da diversidade - Pluscargo","og_description":"Hoje, 28, \u00e9 o Dia Internacional do Orgulho LGBTQIA +. A data, muito mais do que um dia de reflex\u00e3o, \u00e9 tamb\u00e9m um momento para lembrar e conscientizar a popula\u00e7\u00e3o sobre a luta pelos direitos da comunidade","og_url":"https:\/\/pluscargo.com.br\/en\/pluscargo-conversa-sobre-a-importancia-da-diversidade\/","og_site_name":"Pluscargo","article_publisher":"https:\/\/www.facebook.com\/pluscargobrasil\/","article_published_time":"2021-06-28T14:32:36+00:00","og_image":[{"width":720,"height":482,"url":"https:\/\/pluscargo.com.br\/wp-content\/uploads\/2021\/06\/Mes-do-orgulho-site.png","type":"image\/png"}],"author":"Patricia Bar\u00e3o","twitter_card":"summary_large_image","twitter_misc":{"Written by":"Patricia Bar\u00e3o","Est. reading time":"2 minutes"},"schema":{"@context":"https:\/\/schema.org","@graph":[{"@type":"Article","@id":"https:\/\/pluscargo.com.br\/pluscargo-conversa-sobre-a-importancia-da-diversidade\/#article","isPartOf":{"@id":"https:\/\/pluscargo.com.br\/pluscargo-conversa-sobre-a-importancia-da-diversidade\/"},"author":{"name":"Patricia Bar\u00e3o","@id":"https:\/\/pluscargo.com.br\/#\/schema\/person\/823aef0643611f95b501442c8e899668"},"headline":"Pluscargo conversa sobre a import\u00e2ncia da diversidade","datePublished":"2021-06-28T14:32:36+00:00","mainEntityOfPage":{"@id":"https:\/\/pluscargo.com.br\/pluscargo-conversa-sobre-a-importancia-da-diversidade\/"},"wordCount":383,"commentCount":0,"publisher":{"@id":"https:\/\/pluscargo.com.br\/#organization"},"image":{"@id":"https:\/\/pluscargo.com.br\/pluscargo-conversa-sobre-a-importancia-da-diversidade\/#primaryimage"},"thumbnailUrl":"https:\/\/pluscargo.com.br\/wp-content\/uploads\/2021\/06\/Mes-do-orgulho-site.png","keywords":["Dia Internacional do Orgulho LGBTQIA+","diversidade","Pluscargo Brasil"],"articleSection":["Acontece na PLUS"],"inLanguage":"en-US"},{"@type":"WebPage","@id":"https:\/\/pluscargo.com.br\/en\/pluscargo-conversa-sobre-a-importancia-da-diversidade\/","url":"https:\/\/pluscargo.com.br\/en\/pluscargo-conversa-sobre-a-importancia-da-diversidade\/","name":"Pluscargo conversa sobre a import\u00e2ncia da diversidade - Pluscargo","isPartOf":{"@id":"https:\/\/pluscargo.com.br\/en\/#website"},"primaryImageOfPage":{"@id":"https:\/\/pluscargo.com.br\/en\/pluscargo-conversa-sobre-a-importancia-da-diversidade\/#primaryimage"},"image":{"@id":"https:\/\/pluscargo.com.br\/pluscargo-conversa-sobre-a-importancia-da-diversidade\/#primaryimage"},"thumbnailUrl":"https:\/\/pluscargo.com.br\/wp-content\/uploads\/2021\/06\/Mes-do-orgulho-site.png","datePublished":"2021-06-28T14:32:36+00:00","description":"Hoje, 28, \u00e9 o Dia Internacional do Orgulho LGBTQIA +. A data, muito mais do que um dia de reflex\u00e3o, \u00e9 tamb\u00e9m um momento para lembrar e conscientizar a popula\u00e7\u00e3o sobre a luta pelos direitos da comunidade","inLanguage":"en-US","potentialAction":[{"@type":"ReadAction","target":[["https:\/\/pluscargo.com.br\/en\/pluscargo-conversa-sobre-a-importancia-da-diversidade\/"]]}]},{"@type":"ImageObject","inLanguage":"en-US","@id":"https:\/\/pluscargo.com.br\/en\/pluscargo-conversa-sobre-a-importancia-da-diversidade\/#primaryimage","url":"https:\/\/pluscargo.com.br\/wp-content\/uploads\/2021\/06\/Mes-do-orgulho-site.png","contentUrl":"https:\/\/pluscargo.com.br\/wp-content\/uploads\/2021\/06\/Mes-do-orgulho-site.png","width":720,"height":482,"caption":"Dia Internacional do Orgulho LGBTQIA+"},{"@type":"WebSite","@id":"https:\/\/pluscargo.com.br\/en\/#website","url":"https:\/\/pluscargo.com.br\/en\/","name":"Pluscargo","description":"A Pluscargo \u00e9 uma empresa do Grupo RAS, o maior ecossistema log\u00edstico da Am\u00e9rica Latina","publisher":{"@id":"https:\/\/pluscargo.com.br\/en\/#organization"},"potentialAction":[{"@type":"SearchAction","target":{"@type":"EntryPoint","urlTemplate":"https:\/\/pluscargo.com.br\/en\/?s={search_term_string}"},"query-input":{"@type":"PropertyValueSpecification","valueRequired":true,"valueName":"search_term_string"}}],"inLanguage":"en-US"},{"@type":"Organization","@id":"https:\/\/pluscargo.com.br\/en\/#organization","name":"Pluscargo Brasil","url":"https:\/\/pluscargo.com.br\/en\/","logo":{"@type":"ImageObject","inLanguage":"en-US","@id":"https:\/\/pluscargo.com.br\/en\/#\/schema\/logo\/image\/","url":"https:\/\/pluscargo.com.br\/wp-content\/uploads\/2019\/02\/Pluscargo_Logo.png","contentUrl":"https:\/\/pluscargo.com.br\/wp-content\/uploads\/2019\/02\/Pluscargo_Logo.png","width":3063,"height":518,"caption":"Pluscargo Brasil"},"image":{"@id":"https:\/\/pluscargo.com.br\/en\/#\/schema\/logo\/image\/"},"sameAs":["https:\/\/www.facebook.com\/pluscargobrasil\/","https:\/\/www.instagram.com\/pluscargo\/","https:\/\/www.linkedin.com\/company\/pluscargo-do-brasil-ltda"]},{"@type":"Person","@id":"https:\/\/pluscargo.com.br\/#\/schema\/person\/823aef0643611f95b501442c8e899668","name":"Patricia Bar\u00e3o","image":{"@type":"ImageObject","inLanguage":"en-US","@id":"https:\/\/secure.gravatar.com\/avatar\/3494dbde84fcb1f8f0da772094ccf26c5ce8eaf1d167b8835ffc8f82efe4b83b?s=96&d=mm&r=g","url":"https:\/\/secure.gravatar.com\/avatar\/3494dbde84fcb1f8f0da772094ccf26c5ce8eaf1d167b8835ffc8f82efe4b83b?s=96&d=mm&r=g","contentUrl":"https:\/\/secure.gravatar.com\/avatar\/3494dbde84fcb1f8f0da772094ccf26c5ce8eaf1d167b8835ffc8f82efe4b83b?s=96&d=mm&r=g","caption":"Patricia Bar\u00e3o"},"url":"https:\/\/pluscargo.com.br\/en\/author\/patriciabarao\/"}]}},"_links":{"self":[{"href":"https:\/\/pluscargo.com.br\/en\/wp-json\/wp\/v2\/posts\/2364","targetHints":{"allow":["GET"]}}],"collection":[{"href":"https:\/\/pluscargo.com.br\/en\/wp-json\/wp\/v2\/posts"}],"about":[{"href":"https:\/\/pluscargo.com.br\/en\/wp-json\/wp\/v2\/types\/post"}],"author":[{"embeddable":true,"href":"https:\/\/pluscargo.com.br\/en\/wp-json\/wp\/v2\/users\/2"}],"replies":[{"embeddable":true,"href":"https:\/\/pluscargo.com.br\/en\/wp-json\/wp\/v2\/comments?post=2364"}],"version-history":[{"count":0,"href":"https:\/\/pluscargo.com.br\/en\/wp-json\/wp\/v2\/posts\/2364\/revisions"}],"wp:featuredmedia":[{"embeddable":true,"href":"https:\/\/pluscargo.com.br\/en\/wp-json\/wp\/v2\/media\/2453"}],"wp:attachment":[{"href":"https:\/\/pluscargo.com.br\/en\/wp-json\/wp\/v2\/media?parent=2364"}],"wp:term":[{"taxonomy":"category","embeddable":true,"href":"https:\/\/pluscargo.com.br\/en\/wp-json\/wp\/v2\/categories?post=2364"},{"taxonomy":"post_tag","embeddable":true,"href":"https:\/\/pluscargo.com.br\/en\/wp-json\/wp\/v2\/tags?post=2364"}],"curies":[{"name":"wp","href":"https:\/\/api.w.org\/{rel}","templated":true}]}}