{"id":2366,"date":"2021-07-13T13:51:19","date_gmt":"2021-07-13T16:51:19","guid":{"rendered":"https:\/\/pluscargo.com.br\/?p=2316"},"modified":"2021-07-13T13:51:19","modified_gmt":"2021-07-13T16:51:19","slug":"desabilitacao-radar-siscomex-o-que-voce-pode-fazer","status":"publish","type":"post","link":"https:\/\/pluscargo.com.br\/en\/desabilitacao-radar-siscomex-o-que-voce-pode-fazer\/","title":{"rendered":"Desabilita\u00e7\u00e3o Radar Siscomex. O que voc\u00ea pode fazer?"},"content":{"rendered":"\n<p>No in\u00edcio de julho, empresas cadastradas no Siscomex e com radar ativo, que n\u00e3o aderiram ao Domic\u00edlio Tribut\u00e1rio Eletr\u00f4nico (DTE) est\u00e3o sendo desabilitadas. Com isso, as empresas sofrem com uma s\u00e9rie de problemas, como o de n\u00e3o conseguir importar ou exportar at\u00e9 a regulariza\u00e7\u00e3o do radar.<\/p>\n\n\n\n<p>De acordo com a <a href=\"http:\/\/normas.receita.fazenda.gov.br\/sijut2consulta\/link.action?idAto=113361&amp;visao=anotado\" target=\"_blank\" rel=\"noreferrer noopener\">Instru\u00e7\u00e3o Normativa da Receita Federal IN RFB n\u00ba 1.984<\/a> de 2020, a falta de ades\u00e3o ao DTE \u00e9 requisito de admissibilidade para habilita\u00e7\u00e3o no sistema que operacionaliza o Com\u00e9rcio Exterior. &nbsp;<\/p>\n\n\n\n<p>A ades\u00e3o ao DTE facilita, entre outros itens, a digitaliza\u00e7\u00e3o dos processos administrativos, de comunicados e intima\u00e7\u00f5es da Receita Federal.<br><br>Empresas com a habilita\u00e7\u00e3o deferida antes da publica\u00e7\u00e3o desta nova Instru\u00e7\u00e3o Normativa e que n\u00e3o aderiram ao DTE, tiveram a informa\u00e7\u00e3o da desabilita\u00e7\u00e3o na hora de registrar suas declara\u00e7\u00f5es aduaneiras.<br><br><strong>O que fazer nessa situa\u00e7\u00e3o?<\/strong><\/p>\n\n\n\n<p>1- Verifique no <a rel=\"noreferrer noopener\" href=\"http:\/\/receita.economia.gov.br\/interface\/lista-de-servicos\/aduana\/habilitacao-importar-exportar\/habilitados-operar-comercio-exterior\" target=\"_blank\">site<\/a> da Receita Federal do Brasil a situa\u00e7\u00e3o do seu RADAR.<\/p>\n\n\n\n<p>2- Caso o seu RADAR esteja desabilitado, ser\u00e1 necess\u00e1rio solicitar nova habilita\u00e7\u00e3o <a href=\"https:\/\/cav.receita.fazenda.gov.br\/autenticacao\/login\/index\" target=\"_blank\" rel=\"noreferrer noopener\">via e-CAC<\/a>, mas antes disso, \u00e9 necess\u00e1rio saber se sua empresa possui ades\u00e3o ao DTE e se ele est\u00e1 ativo, ent\u00e3o consulte seu departamento cont\u00e1bil ou fiscal para ter certeza de que tudo est\u00e1 correto, e s\u00f3 ent\u00e3o siga com os procedimentos para nova habilita\u00e7\u00e3o.<br><\/p>\n\n\n\n<p>Mas n\u00e3o deixe isso para a \u00faltima hora. Ter o RADAR habilitado \u00e9 o pr\u00e9-requisito para qualquer opera\u00e7\u00e3o de Com\u00e9rcio Exterior e o n\u00e3o cumprimento dessa primeira etapa pode prejudicar sua log\u00edstica e causar atrasos, al\u00e9m de custos desnecess\u00e1rios com a paraliza\u00e7\u00e3o da sua carga.<\/p>\n\n\n\n<p>3- Confirmada a ades\u00e3o ao DTE, oriente o respons\u00e1vel pela \u00e1rea fiscal ou cont\u00e1bil da sua empresa a manter a ades\u00e3o, que garante o Radar Siscomex ativo e que a empresa n\u00e3o ter\u00e1 impacto nos seus processos de importa\u00e7\u00e3o e exporta\u00e7\u00e3o.<strong><br><\/strong><\/p>\n","protected":false},"excerpt":{"rendered":"<p>No in\u00edcio de julho, empresas cadastradas no Siscomex e com radar ativo, que n\u00e3o aderiram ao Domic\u00edlio Tribut\u00e1rio Eletr\u00f4nico (DTE) est\u00e3o sendo desabilitadas. Com isso, as empresas sofrem com uma s\u00e9rie de problemas, como o de n\u00e3o conseguir importar ou exportar at\u00e9 a regulariza\u00e7\u00e3o do radar. De acordo com a Instru\u00e7\u00e3o Normativa da Receita Federal [&hellip;]<\/p>\n","protected":false},"author":2,"featured_media":2317,"comment_status":"open","ping_status":"open","sticky":false,"template":"","format":"standard","meta":{"_acf_changed":false,"footnotes":""},"categories":[9],"tags":[48,8,115,57],"class_list":["post-2366","post","type-post","status-publish","format-standard","has-post-thumbnail","hentry","category-novidades","tag-comercio-exterior","tag-logistica-internacional","tag-receita-federal","tag-siscomex"],"acf":[],"yoast_head":"<!-- This site is optimized with the Yoast SEO plugin v27.5 - https:\/\/yoast.com\/product\/yoast-seo-wordpress\/ -->\n<title>Desabilita\u00e7\u00e3o Radar Siscomex. O que voc\u00ea pode fazer? - Pluscargo<\/title>\n<meta name=\"description\" content=\"No in\u00edcio de julho, empresas cadastradas no Siscomex e com radar ativo, que n\u00e3o aderiram ao Domic\u00edlio Tribut\u00e1rio Eletr\u00f4nico (DTE) est\u00e3o sendo desabilitadas. Com isso, as empresas sofrem com uma s\u00e9rie de problemas, como o de n\u00e3o conseguir importar ou exportar at\u00e9 a regulariza\u00e7\u00e3o do radar.\" \/>\n<meta name=\"robots\" content=\"index, follow, max-snippet:-1, max-image-preview:large, max-video-preview:-1\" \/>\n<link rel=\"canonical\" href=\"https:\/\/pluscargo.com.br\/en\/desabilitacao-radar-siscomex-o-que-voce-pode-fazer\/\" \/>\n<meta property=\"og:locale\" content=\"en_US\" \/>\n<meta property=\"og:type\" content=\"article\" \/>\n<meta property=\"og:title\" content=\"Desabilita\u00e7\u00e3o Radar Siscomex. O que voc\u00ea pode fazer? - Pluscargo\" \/>\n<meta property=\"og:description\" content=\"No in\u00edcio de julho, empresas cadastradas no Siscomex e com radar ativo, que n\u00e3o aderiram ao Domic\u00edlio Tribut\u00e1rio Eletr\u00f4nico (DTE) est\u00e3o sendo desabilitadas. Com isso, as empresas sofrem com uma s\u00e9rie de problemas, como o de n\u00e3o conseguir importar ou exportar at\u00e9 a regulariza\u00e7\u00e3o do radar.\" \/>\n<meta property=\"og:url\" content=\"https:\/\/pluscargo.com.br\/en\/desabilitacao-radar-siscomex-o-que-voce-pode-fazer\/\" \/>\n<meta property=\"og:site_name\" content=\"Pluscargo\" \/>\n<meta property=\"article:publisher\" content=\"https:\/\/www.facebook.com\/pluscargobrasil\/\" \/>\n<meta property=\"article:published_time\" content=\"2021-07-13T16:51:19+00:00\" \/>\n<meta property=\"og:image\" content=\"https:\/\/pluscargo.com.br\/wp-content\/uploads\/2021\/07\/210713_RadarSiscomexSite_V1.png\" \/>\n\t<meta property=\"og:image:width\" content=\"720\" \/>\n\t<meta property=\"og:image:height\" content=\"482\" \/>\n\t<meta property=\"og:image:type\" content=\"image\/png\" \/>\n<meta name=\"author\" content=\"Patricia Bar\u00e3o\" \/>\n<meta name=\"twitter:card\" content=\"summary_large_image\" \/>\n<meta name=\"twitter:label1\" content=\"Written by\" \/>\n\t<meta name=\"twitter:data1\" content=\"Patricia Bar\u00e3o\" \/>\n\t<meta name=\"twitter:label2\" content=\"Est. reading time\" \/>\n\t<meta name=\"twitter:data2\" content=\"2 minutes\" \/>\n<script type=\"application\/ld+json\" class=\"yoast-schema-graph\">{\"@context\":\"https:\\\/\\\/schema.org\",\"@graph\":[{\"@type\":\"Article\",\"@id\":\"https:\\\/\\\/pluscargo.com.br\\\/desabilitacao-radar-siscomex-o-que-voce-pode-fazer\\\/#article\",\"isPartOf\":{\"@id\":\"https:\\\/\\\/pluscargo.com.br\\\/desabilitacao-radar-siscomex-o-que-voce-pode-fazer\\\/\"},\"author\":{\"name\":\"Patricia Bar\u00e3o\",\"@id\":\"https:\\\/\\\/pluscargo.com.br\\\/#\\\/schema\\\/person\\\/823aef0643611f95b501442c8e899668\"},\"headline\":\"Desabilita\u00e7\u00e3o Radar Siscomex. O que voc\u00ea pode fazer?\",\"datePublished\":\"2021-07-13T16:51:19+00:00\",\"mainEntityOfPage\":{\"@id\":\"https:\\\/\\\/pluscargo.com.br\\\/desabilitacao-radar-siscomex-o-que-voce-pode-fazer\\\/\"},\"wordCount\":346,\"commentCount\":0,\"publisher\":{\"@id\":\"https:\\\/\\\/pluscargo.com.br\\\/#organization\"},\"image\":{\"@id\":\"https:\\\/\\\/pluscargo.com.br\\\/desabilitacao-radar-siscomex-o-que-voce-pode-fazer\\\/#primaryimage\"},\"thumbnailUrl\":\"https:\\\/\\\/pluscargo.com.br\\\/wp-content\\\/uploads\\\/2021\\\/07\\\/210713_RadarSiscomexSite_V1.png\",\"keywords\":[\"com\u00e9rcio exterior\",\"log\u00edstica internacional\",\"receita federal\",\"Siscomex\"],\"articleSection\":[\"News\"],\"inLanguage\":\"en-US\"},{\"@type\":\"WebPage\",\"@id\":\"https:\\\/\\\/pluscargo.com.br\\\/en\\\/desabilitacao-radar-siscomex-o-que-voce-pode-fazer\\\/\",\"url\":\"https:\\\/\\\/pluscargo.com.br\\\/en\\\/desabilitacao-radar-siscomex-o-que-voce-pode-fazer\\\/\",\"name\":\"Desabilita\u00e7\u00e3o Radar Siscomex. O que voc\u00ea pode fazer? - Pluscargo\",\"isPartOf\":{\"@id\":\"https:\\\/\\\/pluscargo.com.br\\\/en\\\/#website\"},\"primaryImageOfPage\":{\"@id\":\"https:\\\/\\\/pluscargo.com.br\\\/en\\\/desabilitacao-radar-siscomex-o-que-voce-pode-fazer\\\/#primaryimage\"},\"image\":{\"@id\":\"https:\\\/\\\/pluscargo.com.br\\\/desabilitacao-radar-siscomex-o-que-voce-pode-fazer\\\/#primaryimage\"},\"thumbnailUrl\":\"https:\\\/\\\/pluscargo.com.br\\\/wp-content\\\/uploads\\\/2021\\\/07\\\/210713_RadarSiscomexSite_V1.png\",\"datePublished\":\"2021-07-13T16:51:19+00:00\",\"description\":\"No in\u00edcio de julho, empresas cadastradas no Siscomex e com radar ativo, que n\u00e3o aderiram ao Domic\u00edlio Tribut\u00e1rio Eletr\u00f4nico (DTE) est\u00e3o sendo desabilitadas. Com isso, as empresas sofrem com uma s\u00e9rie de problemas, como o de n\u00e3o conseguir importar ou exportar at\u00e9 a regulariza\u00e7\u00e3o do radar.\",\"inLanguage\":\"en-US\",\"potentialAction\":[{\"@type\":\"ReadAction\",\"target\":[[\"https:\\\/\\\/pluscargo.com.br\\\/en\\\/desabilitacao-radar-siscomex-o-que-voce-pode-fazer\\\/\"]]}]},{\"@type\":\"ImageObject\",\"inLanguage\":\"en-US\",\"@id\":\"https:\\\/\\\/pluscargo.com.br\\\/en\\\/desabilitacao-radar-siscomex-o-que-voce-pode-fazer\\\/#primaryimage\",\"url\":\"https:\\\/\\\/pluscargo.com.br\\\/wp-content\\\/uploads\\\/2021\\\/07\\\/210713_RadarSiscomexSite_V1.png\",\"contentUrl\":\"https:\\\/\\\/pluscargo.com.br\\\/wp-content\\\/uploads\\\/2021\\\/07\\\/210713_RadarSiscomexSite_V1.png\",\"width\":720,\"height\":482,\"caption\":\"Desabilita\u00e7\u00e3o Radar Siscomex. Saiba o que fazer\"},{\"@type\":\"WebSite\",\"@id\":\"https:\\\/\\\/pluscargo.com.br\\\/en\\\/#website\",\"url\":\"https:\\\/\\\/pluscargo.com.br\\\/en\\\/\",\"name\":\"Pluscargo\",\"description\":\"A Pluscargo \u00e9 uma empresa do Grupo RAS, o maior ecossistema log\u00edstico da Am\u00e9rica Latina\",\"publisher\":{\"@id\":\"https:\\\/\\\/pluscargo.com.br\\\/en\\\/#organization\"},\"potentialAction\":[{\"@type\":\"SearchAction\",\"target\":{\"@type\":\"EntryPoint\",\"urlTemplate\":\"https:\\\/\\\/pluscargo.com.br\\\/en\\\/?s={search_term_string}\"},\"query-input\":{\"@type\":\"PropertyValueSpecification\",\"valueRequired\":true,\"valueName\":\"search_term_string\"}}],\"inLanguage\":\"en-US\"},{\"@type\":\"Organization\",\"@id\":\"https:\\\/\\\/pluscargo.com.br\\\/en\\\/#organization\",\"name\":\"Pluscargo Brasil\",\"url\":\"https:\\\/\\\/pluscargo.com.br\\\/en\\\/\",\"logo\":{\"@type\":\"ImageObject\",\"inLanguage\":\"en-US\",\"@id\":\"https:\\\/\\\/pluscargo.com.br\\\/en\\\/#\\\/schema\\\/logo\\\/image\\\/\",\"url\":\"https:\\\/\\\/pluscargo.com.br\\\/wp-content\\\/uploads\\\/2019\\\/02\\\/Pluscargo_Logo.png\",\"contentUrl\":\"https:\\\/\\\/pluscargo.com.br\\\/wp-content\\\/uploads\\\/2019\\\/02\\\/Pluscargo_Logo.png\",\"width\":3063,\"height\":518,\"caption\":\"Pluscargo Brasil\"},\"image\":{\"@id\":\"https:\\\/\\\/pluscargo.com.br\\\/en\\\/#\\\/schema\\\/logo\\\/image\\\/\"},\"sameAs\":[\"https:\\\/\\\/www.facebook.com\\\/pluscargobrasil\\\/\",\"https:\\\/\\\/www.instagram.com\\\/pluscargo\\\/\",\"https:\\\/\\\/www.linkedin.com\\\/company\\\/pluscargo-do-brasil-ltda\"]},{\"@type\":\"Person\",\"@id\":\"https:\\\/\\\/pluscargo.com.br\\\/#\\\/schema\\\/person\\\/823aef0643611f95b501442c8e899668\",\"name\":\"Patricia Bar\u00e3o\",\"image\":{\"@type\":\"ImageObject\",\"inLanguage\":\"en-US\",\"@id\":\"https:\\\/\\\/secure.gravatar.com\\\/avatar\\\/3494dbde84fcb1f8f0da772094ccf26c5ce8eaf1d167b8835ffc8f82efe4b83b?s=96&d=mm&r=g\",\"url\":\"https:\\\/\\\/secure.gravatar.com\\\/avatar\\\/3494dbde84fcb1f8f0da772094ccf26c5ce8eaf1d167b8835ffc8f82efe4b83b?s=96&d=mm&r=g\",\"contentUrl\":\"https:\\\/\\\/secure.gravatar.com\\\/avatar\\\/3494dbde84fcb1f8f0da772094ccf26c5ce8eaf1d167b8835ffc8f82efe4b83b?s=96&d=mm&r=g\",\"caption\":\"Patricia Bar\u00e3o\"},\"url\":\"https:\\\/\\\/pluscargo.com.br\\\/en\\\/author\\\/patriciabarao\\\/\"}]}<\/script>\n<!-- \/ Yoast SEO plugin. -->","yoast_head_json":{"title":"Desabilita\u00e7\u00e3o Radar Siscomex. O que voc\u00ea pode fazer? - Pluscargo","description":"No in\u00edcio de julho, empresas cadastradas no Siscomex e com radar ativo, que n\u00e3o aderiram ao Domic\u00edlio Tribut\u00e1rio Eletr\u00f4nico (DTE) est\u00e3o sendo desabilitadas. Com isso, as empresas sofrem com uma s\u00e9rie de problemas, como o de n\u00e3o conseguir importar ou exportar at\u00e9 a regulariza\u00e7\u00e3o do radar.","robots":{"index":"index","follow":"follow","max-snippet":"max-snippet:-1","max-image-preview":"max-image-preview:large","max-video-preview":"max-video-preview:-1"},"canonical":"https:\/\/pluscargo.com.br\/en\/desabilitacao-radar-siscomex-o-que-voce-pode-fazer\/","og_locale":"en_US","og_type":"article","og_title":"Desabilita\u00e7\u00e3o Radar Siscomex. O que voc\u00ea pode fazer? - Pluscargo","og_description":"No in\u00edcio de julho, empresas cadastradas no Siscomex e com radar ativo, que n\u00e3o aderiram ao Domic\u00edlio Tribut\u00e1rio Eletr\u00f4nico (DTE) est\u00e3o sendo desabilitadas. Com isso, as empresas sofrem com uma s\u00e9rie de problemas, como o de n\u00e3o conseguir importar ou exportar at\u00e9 a regulariza\u00e7\u00e3o do radar.","og_url":"https:\/\/pluscargo.com.br\/en\/desabilitacao-radar-siscomex-o-que-voce-pode-fazer\/","og_site_name":"Pluscargo","article_publisher":"https:\/\/www.facebook.com\/pluscargobrasil\/","article_published_time":"2021-07-13T16:51:19+00:00","og_image":[{"width":720,"height":482,"url":"https:\/\/pluscargo.com.br\/wp-content\/uploads\/2021\/07\/210713_RadarSiscomexSite_V1.png","type":"image\/png"}],"author":"Patricia Bar\u00e3o","twitter_card":"summary_large_image","twitter_misc":{"Written by":"Patricia Bar\u00e3o","Est. reading time":"2 minutes"},"schema":{"@context":"https:\/\/schema.org","@graph":[{"@type":"Article","@id":"https:\/\/pluscargo.com.br\/desabilitacao-radar-siscomex-o-que-voce-pode-fazer\/#article","isPartOf":{"@id":"https:\/\/pluscargo.com.br\/desabilitacao-radar-siscomex-o-que-voce-pode-fazer\/"},"author":{"name":"Patricia Bar\u00e3o","@id":"https:\/\/pluscargo.com.br\/#\/schema\/person\/823aef0643611f95b501442c8e899668"},"headline":"Desabilita\u00e7\u00e3o Radar Siscomex. O que voc\u00ea pode fazer?","datePublished":"2021-07-13T16:51:19+00:00","mainEntityOfPage":{"@id":"https:\/\/pluscargo.com.br\/desabilitacao-radar-siscomex-o-que-voce-pode-fazer\/"},"wordCount":346,"commentCount":0,"publisher":{"@id":"https:\/\/pluscargo.com.br\/#organization"},"image":{"@id":"https:\/\/pluscargo.com.br\/desabilitacao-radar-siscomex-o-que-voce-pode-fazer\/#primaryimage"},"thumbnailUrl":"https:\/\/pluscargo.com.br\/wp-content\/uploads\/2021\/07\/210713_RadarSiscomexSite_V1.png","keywords":["com\u00e9rcio exterior","log\u00edstica internacional","receita federal","Siscomex"],"articleSection":["News"],"inLanguage":"en-US"},{"@type":"WebPage","@id":"https:\/\/pluscargo.com.br\/en\/desabilitacao-radar-siscomex-o-que-voce-pode-fazer\/","url":"https:\/\/pluscargo.com.br\/en\/desabilitacao-radar-siscomex-o-que-voce-pode-fazer\/","name":"Desabilita\u00e7\u00e3o Radar Siscomex. O que voc\u00ea pode fazer? - Pluscargo","isPartOf":{"@id":"https:\/\/pluscargo.com.br\/en\/#website"},"primaryImageOfPage":{"@id":"https:\/\/pluscargo.com.br\/en\/desabilitacao-radar-siscomex-o-que-voce-pode-fazer\/#primaryimage"},"image":{"@id":"https:\/\/pluscargo.com.br\/desabilitacao-radar-siscomex-o-que-voce-pode-fazer\/#primaryimage"},"thumbnailUrl":"https:\/\/pluscargo.com.br\/wp-content\/uploads\/2021\/07\/210713_RadarSiscomexSite_V1.png","datePublished":"2021-07-13T16:51:19+00:00","description":"No in\u00edcio de julho, empresas cadastradas no Siscomex e com radar ativo, que n\u00e3o aderiram ao Domic\u00edlio Tribut\u00e1rio Eletr\u00f4nico (DTE) est\u00e3o sendo desabilitadas. Com isso, as empresas sofrem com uma s\u00e9rie de problemas, como o de n\u00e3o conseguir importar ou exportar at\u00e9 a regulariza\u00e7\u00e3o do radar.","inLanguage":"en-US","potentialAction":[{"@type":"ReadAction","target":[["https:\/\/pluscargo.com.br\/en\/desabilitacao-radar-siscomex-o-que-voce-pode-fazer\/"]]}]},{"@type":"ImageObject","inLanguage":"en-US","@id":"https:\/\/pluscargo.com.br\/en\/desabilitacao-radar-siscomex-o-que-voce-pode-fazer\/#primaryimage","url":"https:\/\/pluscargo.com.br\/wp-content\/uploads\/2021\/07\/210713_RadarSiscomexSite_V1.png","contentUrl":"https:\/\/pluscargo.com.br\/wp-content\/uploads\/2021\/07\/210713_RadarSiscomexSite_V1.png","width":720,"height":482,"caption":"Desabilita\u00e7\u00e3o Radar Siscomex. Saiba o que fazer"},{"@type":"WebSite","@id":"https:\/\/pluscargo.com.br\/en\/#website","url":"https:\/\/pluscargo.com.br\/en\/","name":"Pluscargo","description":"A Pluscargo \u00e9 uma empresa do Grupo RAS, o maior ecossistema log\u00edstico da Am\u00e9rica Latina","publisher":{"@id":"https:\/\/pluscargo.com.br\/en\/#organization"},"potentialAction":[{"@type":"SearchAction","target":{"@type":"EntryPoint","urlTemplate":"https:\/\/pluscargo.com.br\/en\/?s={search_term_string}"},"query-input":{"@type":"PropertyValueSpecification","valueRequired":true,"valueName":"search_term_string"}}],"inLanguage":"en-US"},{"@type":"Organization","@id":"https:\/\/pluscargo.com.br\/en\/#organization","name":"Pluscargo Brasil","url":"https:\/\/pluscargo.com.br\/en\/","logo":{"@type":"ImageObject","inLanguage":"en-US","@id":"https:\/\/pluscargo.com.br\/en\/#\/schema\/logo\/image\/","url":"https:\/\/pluscargo.com.br\/wp-content\/uploads\/2019\/02\/Pluscargo_Logo.png","contentUrl":"https:\/\/pluscargo.com.br\/wp-content\/uploads\/2019\/02\/Pluscargo_Logo.png","width":3063,"height":518,"caption":"Pluscargo Brasil"},"image":{"@id":"https:\/\/pluscargo.com.br\/en\/#\/schema\/logo\/image\/"},"sameAs":["https:\/\/www.facebook.com\/pluscargobrasil\/","https:\/\/www.instagram.com\/pluscargo\/","https:\/\/www.linkedin.com\/company\/pluscargo-do-brasil-ltda"]},{"@type":"Person","@id":"https:\/\/pluscargo.com.br\/#\/schema\/person\/823aef0643611f95b501442c8e899668","name":"Patricia Bar\u00e3o","image":{"@type":"ImageObject","inLanguage":"en-US","@id":"https:\/\/secure.gravatar.com\/avatar\/3494dbde84fcb1f8f0da772094ccf26c5ce8eaf1d167b8835ffc8f82efe4b83b?s=96&d=mm&r=g","url":"https:\/\/secure.gravatar.com\/avatar\/3494dbde84fcb1f8f0da772094ccf26c5ce8eaf1d167b8835ffc8f82efe4b83b?s=96&d=mm&r=g","contentUrl":"https:\/\/secure.gravatar.com\/avatar\/3494dbde84fcb1f8f0da772094ccf26c5ce8eaf1d167b8835ffc8f82efe4b83b?s=96&d=mm&r=g","caption":"Patricia Bar\u00e3o"},"url":"https:\/\/pluscargo.com.br\/en\/author\/patriciabarao\/"}]}},"_links":{"self":[{"href":"https:\/\/pluscargo.com.br\/en\/wp-json\/wp\/v2\/posts\/2366","targetHints":{"allow":["GET"]}}],"collection":[{"href":"https:\/\/pluscargo.com.br\/en\/wp-json\/wp\/v2\/posts"}],"about":[{"href":"https:\/\/pluscargo.com.br\/en\/wp-json\/wp\/v2\/types\/post"}],"author":[{"embeddable":true,"href":"https:\/\/pluscargo.com.br\/en\/wp-json\/wp\/v2\/users\/2"}],"replies":[{"embeddable":true,"href":"https:\/\/pluscargo.com.br\/en\/wp-json\/wp\/v2\/comments?post=2366"}],"version-history":[{"count":0,"href":"https:\/\/pluscargo.com.br\/en\/wp-json\/wp\/v2\/posts\/2366\/revisions"}],"wp:featuredmedia":[{"embeddable":true,"href":"https:\/\/pluscargo.com.br\/en\/wp-json\/wp\/v2\/media\/2317"}],"wp:attachment":[{"href":"https:\/\/pluscargo.com.br\/en\/wp-json\/wp\/v2\/media?parent=2366"}],"wp:term":[{"taxonomy":"category","embeddable":true,"href":"https:\/\/pluscargo.com.br\/en\/wp-json\/wp\/v2\/categories?post=2366"},{"taxonomy":"post_tag","embeddable":true,"href":"https:\/\/pluscargo.com.br\/en\/wp-json\/wp\/v2\/tags?post=2366"}],"curies":[{"name":"wp","href":"https:\/\/api.w.org\/{rel}","templated":true}]}}