{"id":2426,"date":"2021-08-31T09:29:11","date_gmt":"2021-08-31T12:29:11","guid":{"rendered":"https:\/\/pluscargo.com.br\/?p=2426"},"modified":"2021-08-31T09:29:11","modified_gmt":"2021-08-31T12:29:11","slug":"a-importancia-da-logistica-integrada-nas-operacoes-de-comercio-exterior","status":"publish","type":"post","link":"https:\/\/pluscargo.com.br\/en\/a-importancia-da-logistica-integrada-nas-operacoes-de-comercio-exterior\/","title":{"rendered":"A import\u00e2ncia da log\u00edstica integrada nas opera\u00e7\u00f5es de Com\u00e9rcio Exterior"},"content":{"rendered":"\n<p>O Com\u00e9rcio Exterior tem um papel fundamental na cadeia de abastecimento de produtos nos pa\u00edses. No atual per\u00edodo de pandemia, a atividade se mostrou ainda mais importante como pe\u00e7a fundamental nas atividades de combate \u00e0 crise sanit\u00e1ria.<\/p>\n\n\n\n<p>Para falar sobre as transforma\u00e7\u00f5es e o papel da log\u00edstica integrada no Brasil, Soraya Magdanelo conversou em um dos epis\u00f3dios do PLUSWebinar com Antonio Dib, gerente de Log\u00edstica na Mastersul Comex.<\/p>\n\n\n\n<p><strong>O sistema integrado na importa\u00e7\u00e3o e exporta\u00e7\u00e3o<\/strong><\/p>\n\n\n\n<p>Conceitualmente, segundo Antonio, a log\u00edstica integrada consiste em trazer toda opera\u00e7\u00e3o&nbsp; para um \u00fanico player, ou seja, somente um prestador de servi\u00e7o, centralizando as informa\u00e7\u00f5es em um \u00fanico lugar.<\/p>\n\n\n\n<p>O processo de integra\u00e7\u00e3o tem como principal objetivo fazer com que as opera\u00e7\u00f5es funcionem de maneira harmoniosa e que toda cadeia seja mais eficiente e produtiva.<\/p>\n\n\n\n<p><strong>Benef\u00edcios da log\u00edstica integrada<\/strong><\/p>\n\n\n\n<p>A diminui\u00e7\u00e3o de ru\u00eddos e problemas de comunica\u00e7\u00e3o s\u00e3o algumas das principais caracter\u00edsticas. A ordena\u00e7\u00e3o e transpar\u00eancia das informa\u00e7\u00f5es s\u00e3o alguns dos benef\u00edcios de concentrar os servi\u00e7os em um \u00fanico lugar. \u201cQuando voc\u00ea centraliza isso, fazendo uma gest\u00e3o integrada da cadeia, voc\u00ea tem um fluxo muito mais linear e mais efetivo das informa\u00e7\u00f5es\u201d, comenta Antonio.<\/p>\n\n\n\n<p>Isso permite que a log\u00edstica aconte\u00e7a no tempo adequado, fazendo com que a demanda do cliente seja atendida com mais efici\u00eancia e o processo seja mais proveitoso, tanto para o importador como para o exportador.<\/p>\n\n\n\n<p><strong>A tecnologia e as transforma\u00e7\u00f5es do mercado<\/strong><\/p>\n\n\n\n<p>Assim como em outras atividades do mercado, no setor de Com\u00e9rcio Exterior, a pandemia promoveu a acelera\u00e7\u00e3o de processos e novas ferramentas de solu\u00e7\u00e3o, um exemplo \u00e9 o Portal \u00danico e a DUIMP.<\/p>\n\n\n\n<p>Para Antonio, a tend\u00eancia \u00e9 que os sistemas sejam cada vez mais integrados e informatizados, permitindo que as informa\u00e7\u00f5es transitem de forma autom\u00e1tica e com menos interven\u00e7\u00e3o humana.<\/p>\n\n\n\n<p>Na Pluscargo, s\u00e3o oferecidos servi\u00e7os de log\u00edstica integrada para atender diferentes demandas e necessidades, seja de voc\u00ea importador ou exportador.<a href=\"https:\/\/api.whatsapp.com\/send?phone=5511947943077\" target=\"_blank\" rel=\"noreferrer noopener\"> Entre em contato<\/a> com a nossa equipe e saiba mais detalhes.<\/p>\n\n\n\n<p>Voc\u00ea tamb\u00e9m pode assistir esse conte\u00fado no Youtube:<\/p>\n\n\n\n<figure class=\"wp-block-embed-youtube wp-block-embed is-type-video is-provider-youtube wp-embed-aspect-16-9 wp-has-aspect-ratio\"><div class=\"wp-block-embed__wrapper\">\n<iframe loading=\"lazy\" title=\"A transforma\u00e7\u00e3o do papel da log\u00edstica integrada no Brasil\" width=\"500\" height=\"281\" src=\"https:\/\/www.youtube.com\/embed\/EblEobEvXUo?feature=oembed\" frameborder=\"0\" allow=\"accelerometer; autoplay; clipboard-write; encrypted-media; gyroscope; picture-in-picture; web-share\" referrerpolicy=\"strict-origin-when-cross-origin\" allowfullscreen><\/iframe>\n<\/div><\/figure>\n","protected":false},"excerpt":{"rendered":"<p>O Com\u00e9rcio Exterior tem um papel fundamental na cadeia de abastecimento de produtos nos pa\u00edses. No atual per\u00edodo de pandemia, a atividade se mostrou ainda mais importante como pe\u00e7a fundamental nas atividades de combate \u00e0 crise sanit\u00e1ria. Para falar sobre as transforma\u00e7\u00f5es e o papel da log\u00edstica integrada no Brasil, Soraya Magdanelo conversou em um [&hellip;]<\/p>\n","protected":false},"author":2,"featured_media":2460,"comment_status":"open","ping_status":"open","sticky":false,"template":"","format":"standard","meta":{"_acf_changed":false,"footnotes":""},"categories":[9],"tags":[48,19,7,8,178],"class_list":["post-2426","post","type-post","status-publish","format-standard","has-post-thumbnail","hentry","category-novidades","tag-comercio-exterior","tag-exportacao","tag-importacao","tag-logistica-internacional","tag-logisticaintegrada"],"acf":[],"yoast_head":"<!-- This site is optimized with the Yoast SEO plugin v27.5 - https:\/\/yoast.com\/product\/yoast-seo-wordpress\/ -->\n<title>A import\u00e2ncia da log\u00edstica integrada nas opera\u00e7\u00f5es de Com\u00e9rcio Exterior - Pluscargo<\/title>\n<meta name=\"description\" content=\"No atual per\u00edodo de pandemia, a atividade se mostrou ainda mais importante como pe\u00e7a fundamental nas atividades de combate \u00e0 crise sanit\u00e1ria.\" \/>\n<meta name=\"robots\" content=\"index, follow, max-snippet:-1, max-image-preview:large, max-video-preview:-1\" \/>\n<link rel=\"canonical\" href=\"https:\/\/pluscargo.com.br\/en\/a-importancia-da-logistica-integrada-nas-operacoes-de-comercio-exterior\/\" \/>\n<meta property=\"og:locale\" content=\"en_US\" \/>\n<meta property=\"og:type\" content=\"article\" \/>\n<meta property=\"og:title\" content=\"A import\u00e2ncia da log\u00edstica integrada nas opera\u00e7\u00f5es de Com\u00e9rcio Exterior - Pluscargo\" \/>\n<meta property=\"og:description\" content=\"No atual per\u00edodo de pandemia, a atividade se mostrou ainda mais importante como pe\u00e7a fundamental nas atividades de combate \u00e0 crise sanit\u00e1ria.\" \/>\n<meta property=\"og:url\" content=\"https:\/\/pluscargo.com.br\/en\/a-importancia-da-logistica-integrada-nas-operacoes-de-comercio-exterior\/\" \/>\n<meta property=\"og:site_name\" content=\"Pluscargo\" \/>\n<meta property=\"article:publisher\" content=\"https:\/\/www.facebook.com\/pluscargobrasil\/\" \/>\n<meta property=\"article:published_time\" content=\"2021-08-31T12:29:11+00:00\" \/>\n<meta property=\"og:image\" content=\"https:\/\/pluscargo.com.br\/wp-content\/uploads\/2021\/08\/210831_LogisticaIntegrada_Site_V1.png\" \/>\n\t<meta property=\"og:image:width\" content=\"720\" \/>\n\t<meta property=\"og:image:height\" content=\"482\" \/>\n\t<meta property=\"og:image:type\" content=\"image\/png\" \/>\n<meta name=\"author\" content=\"Patricia Bar\u00e3o\" \/>\n<meta name=\"twitter:card\" content=\"summary_large_image\" \/>\n<meta name=\"twitter:label1\" content=\"Written by\" \/>\n\t<meta name=\"twitter:data1\" content=\"Patricia Bar\u00e3o\" \/>\n\t<meta name=\"twitter:label2\" content=\"Est. reading time\" \/>\n\t<meta name=\"twitter:data2\" content=\"2 minutes\" \/>\n<script type=\"application\/ld+json\" class=\"yoast-schema-graph\">{\"@context\":\"https:\\\/\\\/schema.org\",\"@graph\":[{\"@type\":\"Article\",\"@id\":\"https:\\\/\\\/pluscargo.com.br\\\/a-importancia-da-logistica-integrada-nas-operacoes-de-comercio-exterior\\\/#article\",\"isPartOf\":{\"@id\":\"https:\\\/\\\/pluscargo.com.br\\\/a-importancia-da-logistica-integrada-nas-operacoes-de-comercio-exterior\\\/\"},\"author\":{\"name\":\"Patricia Bar\u00e3o\",\"@id\":\"https:\\\/\\\/pluscargo.com.br\\\/#\\\/schema\\\/person\\\/823aef0643611f95b501442c8e899668\"},\"headline\":\"A import\u00e2ncia da log\u00edstica integrada nas opera\u00e7\u00f5es de Com\u00e9rcio Exterior\",\"datePublished\":\"2021-08-31T12:29:11+00:00\",\"mainEntityOfPage\":{\"@id\":\"https:\\\/\\\/pluscargo.com.br\\\/a-importancia-da-logistica-integrada-nas-operacoes-de-comercio-exterior\\\/\"},\"wordCount\":398,\"commentCount\":0,\"publisher\":{\"@id\":\"https:\\\/\\\/pluscargo.com.br\\\/#organization\"},\"image\":{\"@id\":\"https:\\\/\\\/pluscargo.com.br\\\/a-importancia-da-logistica-integrada-nas-operacoes-de-comercio-exterior\\\/#primaryimage\"},\"thumbnailUrl\":\"https:\\\/\\\/pluscargo.com.br\\\/wp-content\\\/uploads\\\/2021\\\/08\\\/210831_LogisticaIntegrada_Site_V1.png\",\"keywords\":[\"com\u00e9rcio exterior\",\"exporta\u00e7\u00e3o\",\"importa\u00e7\u00e3o\",\"log\u00edstica internacional\",\"log\u00edsticaintegrada\"],\"articleSection\":[\"News\"],\"inLanguage\":\"en-US\"},{\"@type\":\"WebPage\",\"@id\":\"https:\\\/\\\/pluscargo.com.br\\\/en\\\/a-importancia-da-logistica-integrada-nas-operacoes-de-comercio-exterior\\\/\",\"url\":\"https:\\\/\\\/pluscargo.com.br\\\/en\\\/a-importancia-da-logistica-integrada-nas-operacoes-de-comercio-exterior\\\/\",\"name\":\"A import\u00e2ncia da log\u00edstica integrada nas opera\u00e7\u00f5es de Com\u00e9rcio Exterior - Pluscargo\",\"isPartOf\":{\"@id\":\"https:\\\/\\\/pluscargo.com.br\\\/en\\\/#website\"},\"primaryImageOfPage\":{\"@id\":\"https:\\\/\\\/pluscargo.com.br\\\/en\\\/a-importancia-da-logistica-integrada-nas-operacoes-de-comercio-exterior\\\/#primaryimage\"},\"image\":{\"@id\":\"https:\\\/\\\/pluscargo.com.br\\\/a-importancia-da-logistica-integrada-nas-operacoes-de-comercio-exterior\\\/#primaryimage\"},\"thumbnailUrl\":\"https:\\\/\\\/pluscargo.com.br\\\/wp-content\\\/uploads\\\/2021\\\/08\\\/210831_LogisticaIntegrada_Site_V1.png\",\"datePublished\":\"2021-08-31T12:29:11+00:00\",\"description\":\"No atual per\u00edodo de pandemia, a atividade se mostrou ainda mais importante como pe\u00e7a fundamental nas atividades de combate \u00e0 crise sanit\u00e1ria.\",\"inLanguage\":\"en-US\",\"potentialAction\":[{\"@type\":\"ReadAction\",\"target\":[[\"https:\\\/\\\/pluscargo.com.br\\\/en\\\/a-importancia-da-logistica-integrada-nas-operacoes-de-comercio-exterior\\\/\"]]}]},{\"@type\":\"ImageObject\",\"inLanguage\":\"en-US\",\"@id\":\"https:\\\/\\\/pluscargo.com.br\\\/en\\\/a-importancia-da-logistica-integrada-nas-operacoes-de-comercio-exterior\\\/#primaryimage\",\"url\":\"https:\\\/\\\/pluscargo.com.br\\\/wp-content\\\/uploads\\\/2021\\\/08\\\/210831_LogisticaIntegrada_Site_V1.png\",\"contentUrl\":\"https:\\\/\\\/pluscargo.com.br\\\/wp-content\\\/uploads\\\/2021\\\/08\\\/210831_LogisticaIntegrada_Site_V1.png\",\"width\":720,\"height\":482},{\"@type\":\"WebSite\",\"@id\":\"https:\\\/\\\/pluscargo.com.br\\\/en\\\/#website\",\"url\":\"https:\\\/\\\/pluscargo.com.br\\\/en\\\/\",\"name\":\"Pluscargo\",\"description\":\"A Pluscargo \u00e9 uma empresa do Grupo RAS, o maior ecossistema log\u00edstico da Am\u00e9rica Latina\",\"publisher\":{\"@id\":\"https:\\\/\\\/pluscargo.com.br\\\/en\\\/#organization\"},\"potentialAction\":[{\"@type\":\"SearchAction\",\"target\":{\"@type\":\"EntryPoint\",\"urlTemplate\":\"https:\\\/\\\/pluscargo.com.br\\\/en\\\/?s={search_term_string}\"},\"query-input\":{\"@type\":\"PropertyValueSpecification\",\"valueRequired\":true,\"valueName\":\"search_term_string\"}}],\"inLanguage\":\"en-US\"},{\"@type\":\"Organization\",\"@id\":\"https:\\\/\\\/pluscargo.com.br\\\/en\\\/#organization\",\"name\":\"Pluscargo Brasil\",\"url\":\"https:\\\/\\\/pluscargo.com.br\\\/en\\\/\",\"logo\":{\"@type\":\"ImageObject\",\"inLanguage\":\"en-US\",\"@id\":\"https:\\\/\\\/pluscargo.com.br\\\/en\\\/#\\\/schema\\\/logo\\\/image\\\/\",\"url\":\"https:\\\/\\\/pluscargo.com.br\\\/wp-content\\\/uploads\\\/2019\\\/02\\\/Pluscargo_Logo.png\",\"contentUrl\":\"https:\\\/\\\/pluscargo.com.br\\\/wp-content\\\/uploads\\\/2019\\\/02\\\/Pluscargo_Logo.png\",\"width\":3063,\"height\":518,\"caption\":\"Pluscargo Brasil\"},\"image\":{\"@id\":\"https:\\\/\\\/pluscargo.com.br\\\/en\\\/#\\\/schema\\\/logo\\\/image\\\/\"},\"sameAs\":[\"https:\\\/\\\/www.facebook.com\\\/pluscargobrasil\\\/\",\"https:\\\/\\\/www.instagram.com\\\/pluscargo\\\/\",\"https:\\\/\\\/www.linkedin.com\\\/company\\\/pluscargo-do-brasil-ltda\"]},{\"@type\":\"Person\",\"@id\":\"https:\\\/\\\/pluscargo.com.br\\\/#\\\/schema\\\/person\\\/823aef0643611f95b501442c8e899668\",\"name\":\"Patricia Bar\u00e3o\",\"image\":{\"@type\":\"ImageObject\",\"inLanguage\":\"en-US\",\"@id\":\"https:\\\/\\\/secure.gravatar.com\\\/avatar\\\/3494dbde84fcb1f8f0da772094ccf26c5ce8eaf1d167b8835ffc8f82efe4b83b?s=96&d=mm&r=g\",\"url\":\"https:\\\/\\\/secure.gravatar.com\\\/avatar\\\/3494dbde84fcb1f8f0da772094ccf26c5ce8eaf1d167b8835ffc8f82efe4b83b?s=96&d=mm&r=g\",\"contentUrl\":\"https:\\\/\\\/secure.gravatar.com\\\/avatar\\\/3494dbde84fcb1f8f0da772094ccf26c5ce8eaf1d167b8835ffc8f82efe4b83b?s=96&d=mm&r=g\",\"caption\":\"Patricia Bar\u00e3o\"},\"url\":\"https:\\\/\\\/pluscargo.com.br\\\/en\\\/author\\\/patriciabarao\\\/\"}]}<\/script>\n<!-- \/ Yoast SEO plugin. -->","yoast_head_json":{"title":"A import\u00e2ncia da log\u00edstica integrada nas opera\u00e7\u00f5es de Com\u00e9rcio Exterior - Pluscargo","description":"No atual per\u00edodo de pandemia, a atividade se mostrou ainda mais importante como pe\u00e7a fundamental nas atividades de combate \u00e0 crise sanit\u00e1ria.","robots":{"index":"index","follow":"follow","max-snippet":"max-snippet:-1","max-image-preview":"max-image-preview:large","max-video-preview":"max-video-preview:-1"},"canonical":"https:\/\/pluscargo.com.br\/en\/a-importancia-da-logistica-integrada-nas-operacoes-de-comercio-exterior\/","og_locale":"en_US","og_type":"article","og_title":"A import\u00e2ncia da log\u00edstica integrada nas opera\u00e7\u00f5es de Com\u00e9rcio Exterior - Pluscargo","og_description":"No atual per\u00edodo de pandemia, a atividade se mostrou ainda mais importante como pe\u00e7a fundamental nas atividades de combate \u00e0 crise sanit\u00e1ria.","og_url":"https:\/\/pluscargo.com.br\/en\/a-importancia-da-logistica-integrada-nas-operacoes-de-comercio-exterior\/","og_site_name":"Pluscargo","article_publisher":"https:\/\/www.facebook.com\/pluscargobrasil\/","article_published_time":"2021-08-31T12:29:11+00:00","og_image":[{"width":720,"height":482,"url":"https:\/\/pluscargo.com.br\/wp-content\/uploads\/2021\/08\/210831_LogisticaIntegrada_Site_V1.png","type":"image\/png"}],"author":"Patricia Bar\u00e3o","twitter_card":"summary_large_image","twitter_misc":{"Written by":"Patricia Bar\u00e3o","Est. reading time":"2 minutes"},"schema":{"@context":"https:\/\/schema.org","@graph":[{"@type":"Article","@id":"https:\/\/pluscargo.com.br\/a-importancia-da-logistica-integrada-nas-operacoes-de-comercio-exterior\/#article","isPartOf":{"@id":"https:\/\/pluscargo.com.br\/a-importancia-da-logistica-integrada-nas-operacoes-de-comercio-exterior\/"},"author":{"name":"Patricia Bar\u00e3o","@id":"https:\/\/pluscargo.com.br\/#\/schema\/person\/823aef0643611f95b501442c8e899668"},"headline":"A import\u00e2ncia da log\u00edstica integrada nas opera\u00e7\u00f5es de Com\u00e9rcio Exterior","datePublished":"2021-08-31T12:29:11+00:00","mainEntityOfPage":{"@id":"https:\/\/pluscargo.com.br\/a-importancia-da-logistica-integrada-nas-operacoes-de-comercio-exterior\/"},"wordCount":398,"commentCount":0,"publisher":{"@id":"https:\/\/pluscargo.com.br\/#organization"},"image":{"@id":"https:\/\/pluscargo.com.br\/a-importancia-da-logistica-integrada-nas-operacoes-de-comercio-exterior\/#primaryimage"},"thumbnailUrl":"https:\/\/pluscargo.com.br\/wp-content\/uploads\/2021\/08\/210831_LogisticaIntegrada_Site_V1.png","keywords":["com\u00e9rcio exterior","exporta\u00e7\u00e3o","importa\u00e7\u00e3o","log\u00edstica internacional","log\u00edsticaintegrada"],"articleSection":["News"],"inLanguage":"en-US"},{"@type":"WebPage","@id":"https:\/\/pluscargo.com.br\/en\/a-importancia-da-logistica-integrada-nas-operacoes-de-comercio-exterior\/","url":"https:\/\/pluscargo.com.br\/en\/a-importancia-da-logistica-integrada-nas-operacoes-de-comercio-exterior\/","name":"A import\u00e2ncia da log\u00edstica integrada nas opera\u00e7\u00f5es de Com\u00e9rcio Exterior - Pluscargo","isPartOf":{"@id":"https:\/\/pluscargo.com.br\/en\/#website"},"primaryImageOfPage":{"@id":"https:\/\/pluscargo.com.br\/en\/a-importancia-da-logistica-integrada-nas-operacoes-de-comercio-exterior\/#primaryimage"},"image":{"@id":"https:\/\/pluscargo.com.br\/a-importancia-da-logistica-integrada-nas-operacoes-de-comercio-exterior\/#primaryimage"},"thumbnailUrl":"https:\/\/pluscargo.com.br\/wp-content\/uploads\/2021\/08\/210831_LogisticaIntegrada_Site_V1.png","datePublished":"2021-08-31T12:29:11+00:00","description":"No atual per\u00edodo de pandemia, a atividade se mostrou ainda mais importante como pe\u00e7a fundamental nas atividades de combate \u00e0 crise sanit\u00e1ria.","inLanguage":"en-US","potentialAction":[{"@type":"ReadAction","target":[["https:\/\/pluscargo.com.br\/en\/a-importancia-da-logistica-integrada-nas-operacoes-de-comercio-exterior\/"]]}]},{"@type":"ImageObject","inLanguage":"en-US","@id":"https:\/\/pluscargo.com.br\/en\/a-importancia-da-logistica-integrada-nas-operacoes-de-comercio-exterior\/#primaryimage","url":"https:\/\/pluscargo.com.br\/wp-content\/uploads\/2021\/08\/210831_LogisticaIntegrada_Site_V1.png","contentUrl":"https:\/\/pluscargo.com.br\/wp-content\/uploads\/2021\/08\/210831_LogisticaIntegrada_Site_V1.png","width":720,"height":482},{"@type":"WebSite","@id":"https:\/\/pluscargo.com.br\/en\/#website","url":"https:\/\/pluscargo.com.br\/en\/","name":"Pluscargo","description":"A Pluscargo \u00e9 uma empresa do Grupo RAS, o maior ecossistema log\u00edstico da Am\u00e9rica Latina","publisher":{"@id":"https:\/\/pluscargo.com.br\/en\/#organization"},"potentialAction":[{"@type":"SearchAction","target":{"@type":"EntryPoint","urlTemplate":"https:\/\/pluscargo.com.br\/en\/?s={search_term_string}"},"query-input":{"@type":"PropertyValueSpecification","valueRequired":true,"valueName":"search_term_string"}}],"inLanguage":"en-US"},{"@type":"Organization","@id":"https:\/\/pluscargo.com.br\/en\/#organization","name":"Pluscargo Brasil","url":"https:\/\/pluscargo.com.br\/en\/","logo":{"@type":"ImageObject","inLanguage":"en-US","@id":"https:\/\/pluscargo.com.br\/en\/#\/schema\/logo\/image\/","url":"https:\/\/pluscargo.com.br\/wp-content\/uploads\/2019\/02\/Pluscargo_Logo.png","contentUrl":"https:\/\/pluscargo.com.br\/wp-content\/uploads\/2019\/02\/Pluscargo_Logo.png","width":3063,"height":518,"caption":"Pluscargo Brasil"},"image":{"@id":"https:\/\/pluscargo.com.br\/en\/#\/schema\/logo\/image\/"},"sameAs":["https:\/\/www.facebook.com\/pluscargobrasil\/","https:\/\/www.instagram.com\/pluscargo\/","https:\/\/www.linkedin.com\/company\/pluscargo-do-brasil-ltda"]},{"@type":"Person","@id":"https:\/\/pluscargo.com.br\/#\/schema\/person\/823aef0643611f95b501442c8e899668","name":"Patricia Bar\u00e3o","image":{"@type":"ImageObject","inLanguage":"en-US","@id":"https:\/\/secure.gravatar.com\/avatar\/3494dbde84fcb1f8f0da772094ccf26c5ce8eaf1d167b8835ffc8f82efe4b83b?s=96&d=mm&r=g","url":"https:\/\/secure.gravatar.com\/avatar\/3494dbde84fcb1f8f0da772094ccf26c5ce8eaf1d167b8835ffc8f82efe4b83b?s=96&d=mm&r=g","contentUrl":"https:\/\/secure.gravatar.com\/avatar\/3494dbde84fcb1f8f0da772094ccf26c5ce8eaf1d167b8835ffc8f82efe4b83b?s=96&d=mm&r=g","caption":"Patricia Bar\u00e3o"},"url":"https:\/\/pluscargo.com.br\/en\/author\/patriciabarao\/"}]}},"_links":{"self":[{"href":"https:\/\/pluscargo.com.br\/en\/wp-json\/wp\/v2\/posts\/2426","targetHints":{"allow":["GET"]}}],"collection":[{"href":"https:\/\/pluscargo.com.br\/en\/wp-json\/wp\/v2\/posts"}],"about":[{"href":"https:\/\/pluscargo.com.br\/en\/wp-json\/wp\/v2\/types\/post"}],"author":[{"embeddable":true,"href":"https:\/\/pluscargo.com.br\/en\/wp-json\/wp\/v2\/users\/2"}],"replies":[{"embeddable":true,"href":"https:\/\/pluscargo.com.br\/en\/wp-json\/wp\/v2\/comments?post=2426"}],"version-history":[{"count":0,"href":"https:\/\/pluscargo.com.br\/en\/wp-json\/wp\/v2\/posts\/2426\/revisions"}],"wp:featuredmedia":[{"embeddable":true,"href":"https:\/\/pluscargo.com.br\/en\/wp-json\/wp\/v2\/media\/2460"}],"wp:attachment":[{"href":"https:\/\/pluscargo.com.br\/en\/wp-json\/wp\/v2\/media?parent=2426"}],"wp:term":[{"taxonomy":"category","embeddable":true,"href":"https:\/\/pluscargo.com.br\/en\/wp-json\/wp\/v2\/categories?post=2426"},{"taxonomy":"post_tag","embeddable":true,"href":"https:\/\/pluscargo.com.br\/en\/wp-json\/wp\/v2\/tags?post=2426"}],"curies":[{"name":"wp","href":"https:\/\/api.w.org\/{rel}","templated":true}]}}