{"id":548,"date":"2018-12-17T11:49:17","date_gmt":"2018-12-17T11:49:17","guid":{"rendered":"https:\/\/logisticaplus.com.br\/?p=548"},"modified":"2018-12-17T11:49:17","modified_gmt":"2018-12-17T11:49:17","slug":"inovacao-em-logistica-2019","status":"publish","type":"post","link":"https:\/\/pluscargo.com.br\/en\/inovacao-em-logistica-2019\/","title":{"rendered":"Inova\u00e7\u00e3o em log\u00edstica: foco nas pessoas para 2019"},"content":{"rendered":"<p>A Pluscargo fez uma an\u00e1lise das expectativas sobre o mercado de log\u00edstica em 2019. <strong>Soraya Magdanelo, managing director da Pluscargo Brasil<\/strong>, explica como a tecnologia est\u00e1 mudando a \u00e1rea de log\u00edstica e a necessidade de apostar em pessoas e inova\u00e7\u00e3o para se manter no mercado:<\/p>\n<p>A transforma\u00e7\u00e3o digital j\u00e1 \u00e9 uma realidade para o setor de com\u00e9rcio exterior. E o foco da digitaliza\u00e7\u00e3o \u00e9 buscar mais efici\u00eancia, permitindo que equipes gastem mais tempo na intelig\u00eancia do neg\u00f3cio do que nas tarefas operacionais.<\/p>\n<p>Se antes era necess\u00e1rio ser social, m\u00f3vel e estar na nuvem, hoje os profissionais de Comex est\u00e3o discutindo e buscando solu\u00e7\u00f5es aplic\u00e1veis em blockchain para certifica\u00e7\u00f5es e rastreamentos de cargas, tracking em tempo real das mercadorias, big data para processos de desembara\u00e7o aduaneiro e intelig\u00eancia artificial.<\/p>\n<p>Aqui na Pluscargo, al\u00e9m de acompanhar o cen\u00e1rio <a href=\"https:\/\/logisticaplus.com.br\/2019-para-o-comercio-exterior\/\">pol\u00edtico<\/a> e <a href=\"https:\/\/logisticaplus.com.br\/numeros-logistica-2019\/\">econ\u00f4mico<\/a>, tamb\u00e9m estamos pr\u00f3ximos das mudan\u00e7as tecnol\u00f3gicas, que impactam n\u00e3o apenas nossos h\u00e1bitos, mas processos e gest\u00e3o da empresa.<\/p>\n<p>A transforma\u00e7\u00e3o \u00e9 feita de acordo com 3 pilares:<\/p>\n<p><strong>N\u00e3o existe inova\u00e7\u00e3o sem foco nas pessoas<\/strong><\/p>\n<p>Acreditamos seriamente que os nossos colaboradores s\u00e3o os respons\u00e1veis para que o cliente tenha a melhor experi\u00eancia em solu\u00e7\u00f5es log\u00edsticas de qualidade e todos s\u00e3o cientes da import\u00e2ncia do seu papel dentro da empresa.<\/p>\n<p>Engajamento \u00e9 a palavra que direciona nosso time e isso implica ter pessoas mobilizadas, que direcionam sua energia de forma positiva, buscam desenvolver suas compet\u00eancias e se dedicam a realizar o que \u00e9 melhor para todos.<\/p>\n<p>H\u00e1 4 anos iniciamos um projeto chamado #Fam\u00edliaPLUS, com foco na melhoria da qualidade de vida do colaborador. Alguns resultados do programa at\u00e9 agora:<\/p>\n<ul>\n<li>Cria\u00e7\u00e3o em equipe do conjunto de normas e procedimentos para o atendimento ao cliente interno e externo.<\/li>\n<li>Desenvolvimento de cursos sobre as \u00e1reas de neg\u00f3cio para todas as equipes do Brasil.<\/li>\n<li>Lan\u00e7amento do #sa\u00fadePLUS, com incentivo \u00e0 corrida de rua, palestras sobre alimenta\u00e7\u00e3o, antitabagismo e preven\u00e7\u00e3o de doen\u00e7as.<\/li>\n<li>Cria\u00e7\u00e3o de grupos de leitura e da biblioteca Pluscargo.<\/li>\n<\/ul>\n<p>Hoje, o colaborador pode participar de todas as decis\u00f5es da empresa, em conjunto com a diretoria. Todas as a\u00e7\u00f5es aprovadas s\u00e3o sincronizadas em todas as filiais.<\/p>\n<p><strong>Como melhorar a vida do cliente todos os dias<\/strong><\/p>\n<p>Em 2018 criamos um sistema chamado de e-PLUS, que iniciou como um CRM (Customer Relationship Management) e hoje engloba os processos digitais das \u00e1reas financeira e operacional.<\/p>\n<p><a href=\"http:\/\/tiinside.com.br\/tiinside\/services\/21\/05\/2018\/pluscargo-brasil-exporta-crm-para-todas-as-filiais-na-america-latina\/\">Com a solu\u00e7\u00e3o de CRM<\/a>, a \u00e1rea comercial, que antes gerava propostas sem padroniza\u00e7\u00e3o e levava cerca de dez minutos para fazer uma emiss\u00e3o, hoje consegue otimizar este procedimento, levando apenas um minuto.<\/p>\n<p>Utilizamos um software baseado em intelig\u00eancia artificial, que al\u00e9m de disponibilizar um repert\u00f3rio \u00fanico de informa\u00e7\u00f5es, tamb\u00e9m oferece aos gestores uma plataforma de an\u00e1lise da performance do cliente, mostrando novas oportunidades de neg\u00f3cios.<\/p>\n<p>A \u00faltima parte do projeto ser\u00e1 disponibilizar a plataforma para o cliente. Com isso ele poder\u00e1 consultar todos os processos do seu pedido online, al\u00e9m de fazer coment\u00e1rios, possibilitando maior intera\u00e7\u00e3o com a equipe de especialistas da Pluscargo. Esse m\u00f3dulo j\u00e1 est\u00e1 em teste com alguns clientes.<\/p>\n<p><strong>Gest\u00e3o integrada<\/strong><\/p>\n<p>Cultura organizacional, em tempos de transforma\u00e7\u00e3o digital, \u00e9 foco do nosso trabalho e est\u00e1 presente nas atitudes das lideran\u00e7as e demais influenciadores.<\/p>\n<p>Repassar conhecimento, ouvir, ter empatia, questionar processos para trazer o novo, sem deixar os valores da empresa de lado. \u00c9 assim que conseguimos lidar com as mudan\u00e7as.<\/p>\n<p>Aqui na Pluscargo a frase &#8220;n\u00e3o \u00e9 minha culpa, mas \u00e9 meu problema\u201d \u00e9 o nosso lema. Temos orgulho em afirmar que nosso time de especialistas s\u00e3o os mais preparados para atender a demanda do mercado e entender as necessidades dos nossos clientes.<\/p>\n<p>Cultura forte e digitaliza\u00e7\u00e3o fizeram com que a Pluscargo tivesse um crescimento acima da m\u00e9dia do mercado em 2018, per\u00edodo de crise econ\u00f4mica para o pa\u00eds.<\/p>\n<p>Na importa\u00e7\u00e3o crescemos 30,41% contra 12,94% do mercado. J\u00e1 na exporta\u00e7\u00e3o foi um aumento de 23,51% contra 1,27% (n\u00fameros fechados at\u00e9 agosto). Isso nos leva a acreditar que o crescimento para o pr\u00f3ximo per\u00edodo ser\u00e1 superior aos 25%.<\/p>\n<p>Esse \u00e9 um momento crucial para os neg\u00f3cios e de r\u00e1pidas mudan\u00e7as. Nosso objetivo para o pr\u00f3ximo ano \u00e9 continuar a se mover e se reinventar, sempre com foco em melhorar a rela\u00e7\u00e3o entre as pessoas.<\/p>\n<p>Que venha 2019!<\/p>\n<p><strong>Veja aqui os demais texto da s\u00e9rie:<\/strong><\/p>\n<p><a href=\"https:\/\/logisticaplus.com.br\/2019-para-o-comercio-exterior\/\" target=\"_blank\" rel=\"noopener\">O cen\u00e1rio brasileiro em 2019 \u00e9 favor\u00e1vel para o com\u00e9rcio exterior? &#8211; Denis Tortolero<\/a><\/p>\n<p><a href=\"https:\/\/logisticaplus.com.br\/numeros-logistica-2019\/\" target=\"_blank\" rel=\"noopener\">O que os principais n\u00fameros do mercado falam sobre 2019 &#8211; Cassio Torres<\/a><\/p>\n","protected":false},"excerpt":{"rendered":"<p>A Pluscargo fez uma an\u00e1lise das expectativas sobre o mercado de log\u00edstica em 2019. Soraya Magdanelo, managing director da Pluscargo Brasil, explica como a tecnologia est\u00e1 mudando a \u00e1rea de log\u00edstica e a necessidade de apostar em pessoas e inova\u00e7\u00e3o para se manter no mercado: A transforma\u00e7\u00e3o digital j\u00e1 \u00e9 uma realidade para o setor [&hellip;]<\/p>\n","protected":false},"author":1,"featured_media":549,"comment_status":"open","ping_status":"open","sticky":false,"template":"","format":"standard","meta":{"_acf_changed":false,"footnotes":""},"categories":[23],"tags":[68,69,19,30,7,70,8,27],"class_list":["post-548","post","type-post","status-publish","format-standard","has-post-thumbnail","hentry","category-acontece","tag-comex-4-0","tag-crm","tag-exportacao","tag-gestao-de-pessoas","tag-importacao","tag-inovacao","tag-logistica-internacional","tag-pluscargo-brasil"],"acf":[],"yoast_head":"<!-- This site is optimized with the Yoast SEO plugin v27.5 - https:\/\/yoast.com\/product\/yoast-seo-wordpress\/ -->\n<title>Inova\u00e7\u00e3o em log\u00edstica: foco nas pessoas para 2019 - Pluscargo<\/title>\n<meta name=\"description\" content=\"Soraya Magdanelo explica como a tecnologia est\u00e1 mudando a \u00e1rea de log\u00edstica e a necessidade de apostar em pessoas e inova\u00e7\u00e3o para se manter no mercado.\" \/>\n<meta name=\"robots\" content=\"index, follow, max-snippet:-1, max-image-preview:large, max-video-preview:-1\" \/>\n<link rel=\"canonical\" href=\"https:\/\/pluscargo.com.br\/en\/inovacao-em-logistica-2019\/\" \/>\n<meta property=\"og:locale\" content=\"en_US\" \/>\n<meta property=\"og:type\" content=\"article\" \/>\n<meta property=\"og:title\" content=\"Inova\u00e7\u00e3o em log\u00edstica: foco nas pessoas para 2019 - Pluscargo\" \/>\n<meta property=\"og:description\" content=\"Soraya Magdanelo explica como a tecnologia est\u00e1 mudando a \u00e1rea de log\u00edstica e a necessidade de apostar em pessoas e inova\u00e7\u00e3o para se manter no mercado.\" \/>\n<meta property=\"og:url\" content=\"https:\/\/pluscargo.com.br\/en\/inovacao-em-logistica-2019\/\" \/>\n<meta property=\"og:site_name\" content=\"Pluscargo\" \/>\n<meta property=\"article:publisher\" content=\"https:\/\/www.facebook.com\/pluscargobrasil\/\" \/>\n<meta property=\"article:published_time\" content=\"2018-12-17T11:49:17+00:00\" \/>\n<meta property=\"og:image\" content=\"https:\/\/pluscargo.com.br\/wp-content\/uploads\/2018\/12\/tendencias2019.png\" \/>\n\t<meta property=\"og:image:width\" content=\"940\" \/>\n\t<meta property=\"og:image:height\" content=\"788\" \/>\n\t<meta property=\"og:image:type\" content=\"image\/png\" \/>\n<meta name=\"author\" content=\"ishii\" \/>\n<meta name=\"twitter:card\" content=\"summary_large_image\" \/>\n<meta name=\"twitter:label1\" content=\"Written by\" \/>\n\t<meta name=\"twitter:data1\" content=\"ishii\" \/>\n\t<meta name=\"twitter:label2\" content=\"Est. reading time\" \/>\n\t<meta name=\"twitter:data2\" content=\"4 minutes\" \/>\n<script type=\"application\/ld+json\" class=\"yoast-schema-graph\">{\"@context\":\"https:\\\/\\\/schema.org\",\"@graph\":[{\"@type\":\"Article\",\"@id\":\"https:\\\/\\\/pluscargo.com.br\\\/en\\\/inovacao-em-logistica-2019\\\/#article\",\"isPartOf\":{\"@id\":\"https:\\\/\\\/pluscargo.com.br\\\/en\\\/inovacao-em-logistica-2019\\\/\"},\"author\":{\"name\":\"ishii\",\"@id\":\"https:\\\/\\\/pluscargo.com.br\\\/#\\\/schema\\\/person\\\/b3584103dcf1276e926a66c4d70e477c\"},\"headline\":\"Inova\u00e7\u00e3o em log\u00edstica: foco nas pessoas para 2019\",\"datePublished\":\"2018-12-17T11:49:17+00:00\",\"mainEntityOfPage\":{\"@id\":\"https:\\\/\\\/pluscargo.com.br\\\/en\\\/inovacao-em-logistica-2019\\\/\"},\"wordCount\":804,\"commentCount\":0,\"publisher\":{\"@id\":\"https:\\\/\\\/pluscargo.com.br\\\/#organization\"},\"image\":{\"@id\":\"https:\\\/\\\/pluscargo.com.br\\\/en\\\/inovacao-em-logistica-2019\\\/#primaryimage\"},\"thumbnailUrl\":\"https:\\\/\\\/pluscargo.com.br\\\/wp-content\\\/uploads\\\/2018\\\/12\\\/tendencias2019.png\",\"keywords\":[\"comex 4.0\",\"CRM\",\"exporta\u00e7\u00e3o\",\"gest\u00e3o de pessoas\",\"importa\u00e7\u00e3o\",\"inova\u00e7\u00e3o\",\"log\u00edstica internacional\",\"Pluscargo Brasil\"],\"articleSection\":[\"Acontece na PLUS\"],\"inLanguage\":\"en-US\"},{\"@type\":\"WebPage\",\"@id\":\"https:\\\/\\\/pluscargo.com.br\\\/en\\\/inovacao-em-logistica-2019\\\/\",\"url\":\"https:\\\/\\\/pluscargo.com.br\\\/en\\\/inovacao-em-logistica-2019\\\/\",\"name\":\"Inova\u00e7\u00e3o em log\u00edstica: foco nas pessoas para 2019 - Pluscargo\",\"isPartOf\":{\"@id\":\"https:\\\/\\\/pluscargo.com.br\\\/en\\\/#website\"},\"primaryImageOfPage\":{\"@id\":\"https:\\\/\\\/pluscargo.com.br\\\/en\\\/inovacao-em-logistica-2019\\\/#primaryimage\"},\"image\":{\"@id\":\"https:\\\/\\\/pluscargo.com.br\\\/en\\\/inovacao-em-logistica-2019\\\/#primaryimage\"},\"thumbnailUrl\":\"https:\\\/\\\/pluscargo.com.br\\\/wp-content\\\/uploads\\\/2018\\\/12\\\/tendencias2019.png\",\"datePublished\":\"2018-12-17T11:49:17+00:00\",\"description\":\"Soraya Magdanelo explica como a tecnologia est\u00e1 mudando a \u00e1rea de log\u00edstica e a necessidade de apostar em pessoas e inova\u00e7\u00e3o para se manter no mercado.\",\"inLanguage\":\"en-US\",\"potentialAction\":[{\"@type\":\"ReadAction\",\"target\":[[\"https:\\\/\\\/pluscargo.com.br\\\/en\\\/inovacao-em-logistica-2019\\\/\"]]}]},{\"@type\":\"ImageObject\",\"inLanguage\":\"en-US\",\"@id\":\"https:\\\/\\\/pluscargo.com.br\\\/en\\\/inovacao-em-logistica-2019\\\/#primaryimage\",\"url\":\"https:\\\/\\\/pluscargo.com.br\\\/wp-content\\\/uploads\\\/2018\\\/12\\\/tendencias2019.png\",\"contentUrl\":\"https:\\\/\\\/pluscargo.com.br\\\/wp-content\\\/uploads\\\/2018\\\/12\\\/tendencias2019.png\",\"width\":940,\"height\":788},{\"@type\":\"WebSite\",\"@id\":\"https:\\\/\\\/pluscargo.com.br\\\/en\\\/#website\",\"url\":\"https:\\\/\\\/pluscargo.com.br\\\/en\\\/\",\"name\":\"Pluscargo\",\"description\":\"A Pluscargo \u00e9 uma empresa do Grupo RAS, o maior ecossistema log\u00edstico da Am\u00e9rica Latina\",\"publisher\":{\"@id\":\"https:\\\/\\\/pluscargo.com.br\\\/en\\\/#organization\"},\"potentialAction\":[{\"@type\":\"SearchAction\",\"target\":{\"@type\":\"EntryPoint\",\"urlTemplate\":\"https:\\\/\\\/pluscargo.com.br\\\/en\\\/?s={search_term_string}\"},\"query-input\":{\"@type\":\"PropertyValueSpecification\",\"valueRequired\":true,\"valueName\":\"search_term_string\"}}],\"inLanguage\":\"en-US\"},{\"@type\":\"Organization\",\"@id\":\"https:\\\/\\\/pluscargo.com.br\\\/en\\\/#organization\",\"name\":\"Pluscargo Brasil\",\"url\":\"https:\\\/\\\/pluscargo.com.br\\\/en\\\/\",\"logo\":{\"@type\":\"ImageObject\",\"inLanguage\":\"en-US\",\"@id\":\"https:\\\/\\\/pluscargo.com.br\\\/en\\\/#\\\/schema\\\/logo\\\/image\\\/\",\"url\":\"https:\\\/\\\/pluscargo.com.br\\\/wp-content\\\/uploads\\\/2019\\\/02\\\/Pluscargo_Logo.png\",\"contentUrl\":\"https:\\\/\\\/pluscargo.com.br\\\/wp-content\\\/uploads\\\/2019\\\/02\\\/Pluscargo_Logo.png\",\"width\":3063,\"height\":518,\"caption\":\"Pluscargo Brasil\"},\"image\":{\"@id\":\"https:\\\/\\\/pluscargo.com.br\\\/en\\\/#\\\/schema\\\/logo\\\/image\\\/\"},\"sameAs\":[\"https:\\\/\\\/www.facebook.com\\\/pluscargobrasil\\\/\",\"https:\\\/\\\/www.instagram.com\\\/pluscargo\\\/\",\"https:\\\/\\\/www.linkedin.com\\\/company\\\/pluscargo-do-brasil-ltda\"]},{\"@type\":\"Person\",\"@id\":\"https:\\\/\\\/pluscargo.com.br\\\/#\\\/schema\\\/person\\\/b3584103dcf1276e926a66c4d70e477c\",\"name\":\"ishii\",\"image\":{\"@type\":\"ImageObject\",\"inLanguage\":\"en-US\",\"@id\":\"https:\\\/\\\/secure.gravatar.com\\\/avatar\\\/bec959663c8c91aca0fc2d5166b649a088c5bdbee9cceb1f835c1f31cd1bf0b1?s=96&d=mm&r=g\",\"url\":\"https:\\\/\\\/secure.gravatar.com\\\/avatar\\\/bec959663c8c91aca0fc2d5166b649a088c5bdbee9cceb1f835c1f31cd1bf0b1?s=96&d=mm&r=g\",\"contentUrl\":\"https:\\\/\\\/secure.gravatar.com\\\/avatar\\\/bec959663c8c91aca0fc2d5166b649a088c5bdbee9cceb1f835c1f31cd1bf0b1?s=96&d=mm&r=g\",\"caption\":\"ishii\"},\"url\":\"https:\\\/\\\/pluscargo.com.br\\\/en\\\/author\\\/ishii\\\/\"}]}<\/script>\n<!-- \/ Yoast SEO plugin. -->","yoast_head_json":{"title":"Inova\u00e7\u00e3o em log\u00edstica: foco nas pessoas para 2019 - Pluscargo","description":"Soraya Magdanelo explica como a tecnologia est\u00e1 mudando a \u00e1rea de log\u00edstica e a necessidade de apostar em pessoas e inova\u00e7\u00e3o para se manter no mercado.","robots":{"index":"index","follow":"follow","max-snippet":"max-snippet:-1","max-image-preview":"max-image-preview:large","max-video-preview":"max-video-preview:-1"},"canonical":"https:\/\/pluscargo.com.br\/en\/inovacao-em-logistica-2019\/","og_locale":"en_US","og_type":"article","og_title":"Inova\u00e7\u00e3o em log\u00edstica: foco nas pessoas para 2019 - Pluscargo","og_description":"Soraya Magdanelo explica como a tecnologia est\u00e1 mudando a \u00e1rea de log\u00edstica e a necessidade de apostar em pessoas e inova\u00e7\u00e3o para se manter no mercado.","og_url":"https:\/\/pluscargo.com.br\/en\/inovacao-em-logistica-2019\/","og_site_name":"Pluscargo","article_publisher":"https:\/\/www.facebook.com\/pluscargobrasil\/","article_published_time":"2018-12-17T11:49:17+00:00","og_image":[{"width":940,"height":788,"url":"https:\/\/pluscargo.com.br\/wp-content\/uploads\/2018\/12\/tendencias2019.png","type":"image\/png"}],"author":"ishii","twitter_card":"summary_large_image","twitter_misc":{"Written by":"ishii","Est. reading time":"4 minutes"},"schema":{"@context":"https:\/\/schema.org","@graph":[{"@type":"Article","@id":"https:\/\/pluscargo.com.br\/en\/inovacao-em-logistica-2019\/#article","isPartOf":{"@id":"https:\/\/pluscargo.com.br\/en\/inovacao-em-logistica-2019\/"},"author":{"name":"ishii","@id":"https:\/\/pluscargo.com.br\/#\/schema\/person\/b3584103dcf1276e926a66c4d70e477c"},"headline":"Inova\u00e7\u00e3o em log\u00edstica: foco nas pessoas para 2019","datePublished":"2018-12-17T11:49:17+00:00","mainEntityOfPage":{"@id":"https:\/\/pluscargo.com.br\/en\/inovacao-em-logistica-2019\/"},"wordCount":804,"commentCount":0,"publisher":{"@id":"https:\/\/pluscargo.com.br\/#organization"},"image":{"@id":"https:\/\/pluscargo.com.br\/en\/inovacao-em-logistica-2019\/#primaryimage"},"thumbnailUrl":"https:\/\/pluscargo.com.br\/wp-content\/uploads\/2018\/12\/tendencias2019.png","keywords":["comex 4.0","CRM","exporta\u00e7\u00e3o","gest\u00e3o de pessoas","importa\u00e7\u00e3o","inova\u00e7\u00e3o","log\u00edstica internacional","Pluscargo Brasil"],"articleSection":["Acontece na PLUS"],"inLanguage":"en-US"},{"@type":"WebPage","@id":"https:\/\/pluscargo.com.br\/en\/inovacao-em-logistica-2019\/","url":"https:\/\/pluscargo.com.br\/en\/inovacao-em-logistica-2019\/","name":"Inova\u00e7\u00e3o em log\u00edstica: foco nas pessoas para 2019 - Pluscargo","isPartOf":{"@id":"https:\/\/pluscargo.com.br\/en\/#website"},"primaryImageOfPage":{"@id":"https:\/\/pluscargo.com.br\/en\/inovacao-em-logistica-2019\/#primaryimage"},"image":{"@id":"https:\/\/pluscargo.com.br\/en\/inovacao-em-logistica-2019\/#primaryimage"},"thumbnailUrl":"https:\/\/pluscargo.com.br\/wp-content\/uploads\/2018\/12\/tendencias2019.png","datePublished":"2018-12-17T11:49:17+00:00","description":"Soraya Magdanelo explica como a tecnologia est\u00e1 mudando a \u00e1rea de log\u00edstica e a necessidade de apostar em pessoas e inova\u00e7\u00e3o para se manter no mercado.","inLanguage":"en-US","potentialAction":[{"@type":"ReadAction","target":[["https:\/\/pluscargo.com.br\/en\/inovacao-em-logistica-2019\/"]]}]},{"@type":"ImageObject","inLanguage":"en-US","@id":"https:\/\/pluscargo.com.br\/en\/inovacao-em-logistica-2019\/#primaryimage","url":"https:\/\/pluscargo.com.br\/wp-content\/uploads\/2018\/12\/tendencias2019.png","contentUrl":"https:\/\/pluscargo.com.br\/wp-content\/uploads\/2018\/12\/tendencias2019.png","width":940,"height":788},{"@type":"WebSite","@id":"https:\/\/pluscargo.com.br\/en\/#website","url":"https:\/\/pluscargo.com.br\/en\/","name":"Pluscargo","description":"A Pluscargo \u00e9 uma empresa do Grupo RAS, o maior ecossistema log\u00edstico da Am\u00e9rica Latina","publisher":{"@id":"https:\/\/pluscargo.com.br\/en\/#organization"},"potentialAction":[{"@type":"SearchAction","target":{"@type":"EntryPoint","urlTemplate":"https:\/\/pluscargo.com.br\/en\/?s={search_term_string}"},"query-input":{"@type":"PropertyValueSpecification","valueRequired":true,"valueName":"search_term_string"}}],"inLanguage":"en-US"},{"@type":"Organization","@id":"https:\/\/pluscargo.com.br\/en\/#organization","name":"Pluscargo Brasil","url":"https:\/\/pluscargo.com.br\/en\/","logo":{"@type":"ImageObject","inLanguage":"en-US","@id":"https:\/\/pluscargo.com.br\/en\/#\/schema\/logo\/image\/","url":"https:\/\/pluscargo.com.br\/wp-content\/uploads\/2019\/02\/Pluscargo_Logo.png","contentUrl":"https:\/\/pluscargo.com.br\/wp-content\/uploads\/2019\/02\/Pluscargo_Logo.png","width":3063,"height":518,"caption":"Pluscargo Brasil"},"image":{"@id":"https:\/\/pluscargo.com.br\/en\/#\/schema\/logo\/image\/"},"sameAs":["https:\/\/www.facebook.com\/pluscargobrasil\/","https:\/\/www.instagram.com\/pluscargo\/","https:\/\/www.linkedin.com\/company\/pluscargo-do-brasil-ltda"]},{"@type":"Person","@id":"https:\/\/pluscargo.com.br\/#\/schema\/person\/b3584103dcf1276e926a66c4d70e477c","name":"ishii","image":{"@type":"ImageObject","inLanguage":"en-US","@id":"https:\/\/secure.gravatar.com\/avatar\/bec959663c8c91aca0fc2d5166b649a088c5bdbee9cceb1f835c1f31cd1bf0b1?s=96&d=mm&r=g","url":"https:\/\/secure.gravatar.com\/avatar\/bec959663c8c91aca0fc2d5166b649a088c5bdbee9cceb1f835c1f31cd1bf0b1?s=96&d=mm&r=g","contentUrl":"https:\/\/secure.gravatar.com\/avatar\/bec959663c8c91aca0fc2d5166b649a088c5bdbee9cceb1f835c1f31cd1bf0b1?s=96&d=mm&r=g","caption":"ishii"},"url":"https:\/\/pluscargo.com.br\/en\/author\/ishii\/"}]}},"_links":{"self":[{"href":"https:\/\/pluscargo.com.br\/en\/wp-json\/wp\/v2\/posts\/548","targetHints":{"allow":["GET"]}}],"collection":[{"href":"https:\/\/pluscargo.com.br\/en\/wp-json\/wp\/v2\/posts"}],"about":[{"href":"https:\/\/pluscargo.com.br\/en\/wp-json\/wp\/v2\/types\/post"}],"author":[{"embeddable":true,"href":"https:\/\/pluscargo.com.br\/en\/wp-json\/wp\/v2\/users\/1"}],"replies":[{"embeddable":true,"href":"https:\/\/pluscargo.com.br\/en\/wp-json\/wp\/v2\/comments?post=548"}],"version-history":[{"count":0,"href":"https:\/\/pluscargo.com.br\/en\/wp-json\/wp\/v2\/posts\/548\/revisions"}],"wp:featuredmedia":[{"embeddable":true,"href":"https:\/\/pluscargo.com.br\/en\/wp-json\/wp\/v2\/media\/549"}],"wp:attachment":[{"href":"https:\/\/pluscargo.com.br\/en\/wp-json\/wp\/v2\/media?parent=548"}],"wp:term":[{"taxonomy":"category","embeddable":true,"href":"https:\/\/pluscargo.com.br\/en\/wp-json\/wp\/v2\/categories?post=548"},{"taxonomy":"post_tag","embeddable":true,"href":"https:\/\/pluscargo.com.br\/en\/wp-json\/wp\/v2\/tags?post=548"}],"curies":[{"name":"wp","href":"https:\/\/api.w.org\/{rel}","templated":true}]}}